{"id":11117,"date":"2023-07-07T08:58:47","date_gmt":"2023-07-07T11:58:47","guid":{"rendered":"https:\/\/www.visionweb.com.ar\/?p=11117"},"modified":"2023-07-06T20:25:35","modified_gmt":"2023-07-06T23:25:35","slug":"los-pre-candidatos-a-intendente-se-reunieron-con-grindetti","status":"publish","type":"post","link":"https:\/\/www.visionweb.com.ar\/?p=11117","title":{"rendered":"Los pre candidatos a intendente se reunieron con Grindetti"},"content":{"rendered":"<p><em><strong>El pre candidato a gobernador de la lista encabezada por Patricia Bullrich asegura que la tercera secci\u00f3n electoral no es kirchnereista.<\/strong><\/em>\u00a0 <!--more--><\/p>\n<p><strong><img loading=\"lazy\" decoding=\"async\" class=\"size-medium wp-image-11118 alignright\" src=\"https:\/\/www.visionweb.com.ar\/wp-content\/uploads\/2023\/07\/Bullrich-y-Grindetti-en-Lanus-300x200.jpeg\" alt=\"\" width=\"300\" height=\"200\" srcset=\"https:\/\/www.visionweb.com.ar\/wp-content\/uploads\/2023\/07\/Bullrich-y-Grindetti-en-Lanus-300x200.jpeg 300w, https:\/\/www.visionweb.com.ar\/wp-content\/uploads\/2023\/07\/Bullrich-y-Grindetti-en-Lanus.jpeg 640w\" sizes=\"auto, (max-width: 300px) 100vw, 300px\" \/>E<\/strong>l jefe comunal lanusense y precandidato a gobernador de Patricia Bullrich en la provincia de Buenos Aires, Nestor Grindetti desayun\u00f3 con los 19 precandidatos a intendentes del conurbano sur con quienes analiz\u00f3 el comienzo de la campa\u00f1a electoral de cara a las elecciones PASO y el armado del operativos de fiscalizaci\u00f3n para las m\u00e1s de 13 mil mesas electorales repartidas en toda la regi\u00f3n.<\/p>\n<p>La tercera secci\u00f3n electoral reparte el 34 % del padr\u00f3n de la provincia de Buenos Aires y cuenta con casi 5 millones de electores, ser\u00e1 una regi\u00f3n clave para el t\u00e1ndem Bullrich-Grindetti quienes ya estuvieron esta semana en Quilmes, Lomas y Almirante Brown.<\/p>\n<p>\u00bb En estas elecciones vamos a demostrar que la tercera secci\u00f3n electoral no es kirchnerista, lo demostramos en Lan\u00fas donde con cercan\u00eda y gesti\u00f3n los vecinos nos volvieron a elegir y tambi\u00e9n en el 2021 que hicimos una gran elecci\u00f3n legislativa\u00bb, expres\u00f3 Grindetti .<\/p>\n<p>Con respecto a la pre candidatura presidencial el alcalde Lan\u00fas agreg\u00f3: \u00abTenemos a Patricia (Bullrich) que con su fuerza y convicci\u00f3n de lo que hay que hacer nos muestra el camino n\u00edtido de cambio profundo, nosotros tenemos que acompa\u00f1arla escuchando a la gente y proponiendo soluciones posibles, el conurbano tiene grandes deudas sociales y estructurales que tenemos que resolver\u00bb<\/p>\n<p>Durante el encuentro en un bar c\u00e9ntrico de Lan\u00fas, Grindetti estuvo acompa\u00f1ado de los 19 precandidatos a intendentes de la secci\u00f3n, el responsable de su campa\u00f1a provincial, Adrian Urreli, la directora del Instituto de Formaci\u00f3n Pol\u00edtica y Gesti\u00f3n P\u00fablica del gobierno de la ciudad de Buenos Aires, Karina Spalla, el ex legislador bonaerense, Gustavo V\u00e9lez, entre otros dirigentes.<\/p>\n<p><strong>En Lomas de Zamora<\/strong><\/p>\n<p>Acompa\u00f1ados de los precandidatos, Luis Petri y Maximiliano Abad compartieron una reuni\u00f3n con vecinos v\u00edctimas del delito en el conurbano y recorrieron comercios en Lomas y Adrogu\u00e9.<\/p>\n<p><img loading=\"lazy\" decoding=\"async\" class=\"size-medium wp-image-11119 alignleft\" src=\"https:\/\/www.visionweb.com.ar\/wp-content\/uploads\/2023\/07\/BGLOMAs-300x225.jpeg\" alt=\"\" width=\"300\" height=\"225\" srcset=\"https:\/\/www.visionweb.com.ar\/wp-content\/uploads\/2023\/07\/BGLOMAs-300x225.jpeg 300w, https:\/\/www.visionweb.com.ar\/wp-content\/uploads\/2023\/07\/BGLOMAs-320x240.jpeg 320w, https:\/\/www.visionweb.com.ar\/wp-content\/uploads\/2023\/07\/BGLOMAs.jpeg 640w\" sizes=\"auto, (max-width: 300px) 100vw, 300px\" \/>Bullrich, en un di\u00e1logo mano a mano con los vecinos, se comprometi\u00f3 a ser la presidente m\u00e1s austera que haya tenido la Argentina y advirti\u00f3 que \u201cNo se puede gobernar sin ejemplaridad, sin el ejemplo que empieza por cada uno de los que vamos a tener una responsabilidad. Por eso les quiero decir que vamos a ser el gobierno m\u00e1s austero que haya vivido la Argentina. Cuando uno lee la historia y conoce c\u00f3mo viv\u00eda Yrigoyen, siente que esa austeridad, que esa forma de vida de la que hizo una filosof\u00eda, es la forma con la que hay que gobernar.\u201d.<\/p>\n<p>\u201cLa austeridad es la base de la credibilidad. Si existe una grieta entre el pueblo y el poder, esa es la verdadera grieta que tenemos que romper. El que est\u00e1 en el poder tiene que ser tan pueblo, como el pueblo que representa, tiene que vivir igual que cada argentino.\u201d<\/p>\n<p>En el marco de la recorrida los precandidatos fueron entrevistados por los medios que se hicieron presentes. Consultada sobre el caso del polic\u00eda de la Ciudad que detuvo a tiros un caso de violencia de g\u00e9nero, expres\u00f3 \u201cBueno, opino que si hay un polic\u00eda que ve que est\u00e1n corriendo a una mujer y que puede terminar en el feminicidio, tiene que actuar. Si hubiera tenido una Taser, depende de la cantidad de metros a donde estaba, podr\u00eda haber actuado con otra arma, pero hoy no la tiene. As\u00ed que entiendo que tuvo que actuar con lo que ten\u00eda para salvar la vida de una persona.\u201d<\/p>\n<p>Por su parte, el precandidato a gobernador de Juntos por el Cambio, N\u00e9stor Grindetti, expres\u00f3: \u00abEn Quilmes, Brown o Lomas, los vecinos nos dicen lo mismo, el Estado de la provincia est\u00e1 ausente, no hay pol\u00edticas p\u00fablicas para mitigar la inseguridad y tampoco para ayudar a las pymes y comercios a paliar la Inflaci\u00f3n, tenemos que recuperar el rol de Estado, que sea eficiente y est\u00e9 presente\u00bb y agreg\u00f3: \u00bb El motor del cambio es la convicci\u00f3n y la nitidez que tiene Patricia, nos muestra un camino claro hacia d\u00f3nde tenemos que ir\u00bb.<\/p>\n<p>A su vez, el precandidato a Senador Maximiliano Abad, manifest\u00f3 \u201cEs momento de un cambio profundo, de un cambio definitivo. Patricia Bullrich es el liderazgo que necesitamos para enfrentar a las mafias y para llevar a la Argentina a la senda del desarrollo. Y con N\u00e9stor Grindetti y Miguel Fern\u00e1ndez, precandidato a Gobernador de Bs. As., vamos a dar vuelta la p\u00e1gina de estos a\u00f1os decadentes para la Provincia de Buenos Aires.\u201d<\/p>\n<p>Luego de su paso por Quilmes, Bullrich y Grindetti volvieron a recorrer el sur del conurbano bonaerense, conversaron con vecinos y analizaron con comerciantes la dram\u00e1tica situaci\u00f3n econ\u00f3mica producto de los altos costos laborales y la escalada de la inflaci\u00f3n.<\/p>\n<p>La tercera secci\u00f3n electoral reparte el 34 % del padr\u00f3n de la provincia de Buenos Aires y cuenta con casi 5 millones de electores, ser\u00e1 una regi\u00f3n clave para el t\u00e1ndem Bullrich-Grindetti.<\/p>\n<p>Acompa\u00f1aron a los precandidatos la precandidata a Intendente por Almirante Brown, Florencia Retamoso y el Precandidato a Intendente por Lomas de Zamora, Nicol\u00e1s Bari<strong>(VW)<\/strong>.<\/p>\n","protected":false},"excerpt":{"rendered":"<p>El pre candidato a gobernador de la lista encabezada por Patricia Bullrich asegura que la tercera secci\u00f3n electoral no es kirchnereista.\u00a0<\/p>\n","protected":false},"author":3,"featured_media":11118,"comment_status":"closed","ping_status":"closed","sticky":false,"template":"","format":"standard","meta":{"_monsterinsights_skip_tracking":false,"_monsterinsights_sitenote_active":false,"_monsterinsights_sitenote_note":"","_monsterinsights_sitenote_category":0,"footnotes":""},"categories":[4],"tags":[504,18,529,4619],"class_list":["post-11117","post","type-post","status-publish","format-standard","has-post-thumbnail","hentry","category-politica","tag-bullrich","tag-grindetti","tag-seguridad","tag-tercera"],"_links":{"self":[{"href":"https:\/\/www.visionweb.com.ar\/index.php?rest_route=\/wp\/v2\/posts\/11117","targetHints":{"allow":["GET"]}}],"collection":[{"href":"https:\/\/www.visionweb.com.ar\/index.php?rest_route=\/wp\/v2\/posts"}],"about":[{"href":"https:\/\/www.visionweb.com.ar\/index.php?rest_route=\/wp\/v2\/types\/post"}],"author":[{"embeddable":true,"href":"https:\/\/www.visionweb.com.ar\/index.php?rest_route=\/wp\/v2\/users\/3"}],"replies":[{"embeddable":true,"href":"https:\/\/www.visionweb.com.ar\/index.php?rest_route=%2Fwp%2Fv2%2Fcomments&post=11117"}],"version-history":[{"count":1,"href":"https:\/\/www.visionweb.com.ar\/index.php?rest_route=\/wp\/v2\/posts\/11117\/revisions"}],"predecessor-version":[{"id":11120,"href":"https:\/\/www.visionweb.com.ar\/index.php?rest_route=\/wp\/v2\/posts\/11117\/revisions\/11120"}],"wp:featuredmedia":[{"embeddable":true,"href":"https:\/\/www.visionweb.com.ar\/index.php?rest_route=\/wp\/v2\/media\/11118"}],"wp:attachment":[{"href":"https:\/\/www.visionweb.com.ar\/index.php?rest_route=%2Fwp%2Fv2%2Fmedia&parent=11117"}],"wp:term":[{"taxonomy":"category","embeddable":true,"href":"https:\/\/www.visionweb.com.ar\/index.php?rest_route=%2Fwp%2Fv2%2Fcategories&post=11117"},{"taxonomy":"post_tag","embeddable":true,"href":"https:\/\/www.visionweb.com.ar\/index.php?rest_route=%2Fwp%2Fv2%2Ftags&post=11117"}],"curies":[{"name":"wp","href":"https:\/\/api.w.org\/{rel}","templated":true}]}}