{"id":11114,"date":"2023-07-06T17:28:33","date_gmt":"2023-07-06T20:28:33","guid":{"rendered":"https:\/\/www.visionweb.com.ar\/?p=11114"},"modified":"2023-07-06T17:28:33","modified_gmt":"2023-07-06T20:28:33","slug":"vacaciones-divertidas-la-propuesta-para-que-chicos-y-grandes-la-pasen-bien-en-el-receso-invernal","status":"publish","type":"post","link":"https:\/\/www.visionweb.com.ar\/?p=11114","title":{"rendered":"Vacaciones divertidas\u201d: La propuesta para que chicos y grandes la pasen bien en el receso invernal"},"content":{"rendered":"<p class=\"td-post-sub-title\"><strong><em>Organizadas por el Instituto Cultural, estas jornadas se desarrollar\u00e1n entre el 15 y el 30 de julio. Se puede consultar el cronograma por distrito.<\/em><\/strong><!--more--><\/p>\n<div class=\"td-module-meta-info\">\n<div id=\"attachment_11115\" style=\"width: 310px\" class=\"wp-caption alignright\"><img loading=\"lazy\" decoding=\"async\" aria-describedby=\"caption-attachment-11115\" class=\"wp-image-11115 size-medium\" src=\"https:\/\/www.visionweb.com.ar\/wp-content\/uploads\/2023\/07\/VACACIONES-DE-INVIERNO-300x197.png\" alt=\"\" width=\"300\" height=\"197\" srcset=\"https:\/\/www.visionweb.com.ar\/wp-content\/uploads\/2023\/07\/VACACIONES-DE-INVIERNO-300x197.png 300w, https:\/\/www.visionweb.com.ar\/wp-content\/uploads\/2023\/07\/VACACIONES-DE-INVIERNO.png 640w\" sizes=\"auto, (max-width: 300px) 100vw, 300px\" \/><p id=\"caption-attachment-11115\" class=\"wp-caption-text\">Las vacaciones llegan con un rico men\u00fa en ofertas culturales (Fptp: Direcci\u00f3n de Cultura, PBA)<\/p><\/div>\n<p><strong>A<\/strong> pocos d\u00edas del inicio del receso escolar de invierno, el Gobierno de la Provincia de Buenos Aires lanza nuevamente \u201cVacaciones Divertidas\u201d, una propuesta con numerosas actividades\u00a0 para todas las edades, con entrada libre y gratuita, que se desarrollar\u00e1 en todo el territorio bonaerense.<\/p>\n<p>Organizadas por el Instituto Cultural, estas jornadas se desarrollar\u00e1n entre el 15 y el 30 de julio, ofrecer\u00e1 diversos shows musicales, obras de teatro, espect\u00e1culos de t\u00edteres, kerm\u00e9s, circos, as\u00ed como talleres art\u00edsticos y espacios de cine.<\/p>\n<p>Si bien el cronograma ya fue anunciado,\u00a0 a lo largo de las vacaciones se ir\u00e1n sumando nuevas actividades que podr\u00e1n consultarse de manera actualizada a trav\u00e9s de la web vacacionesdivertidas.gba.gob.ar.<\/p>\n<p>\u201cCreemos que es nuestra responsabilidad garantizar no solo el acceso a la cultura sino tambi\u00e9n el derecho al goce.<\/p>\n<p>El receso invernal es una oportunidad m\u00e1s que tenemos para brindar a las familias bonaerenses propuestas accesibles y gratuitas a lo largo de toda la Provincia que promueven la alegr\u00eda y el aprendizaje\u201d, expres\u00f3 Florencia Saintout, presidenta del Instituto Cultural, y subray\u00f3: \u201cEstas actividades no se reducen al entretenimiento, sino que implican\u00a0exponer la diversidad cultural\u00a0 que poseemos como bonaerenses y reconocer a los y las artistas como trabajadores y trabajadoras\u201d.<\/p>\n<p><strong>Cronograma<\/strong><\/p>\n<p>La programaci\u00f3n de \u201cVacaciones Divertidas\u201d contar\u00e1 con participaci\u00f3n de los OAS (Organismos Art\u00edsticos del Sur), radicado en\u00a0<strong>Bah\u00eda Blanca<\/strong>, con distintos espect\u00e1culos a cargo de sus cuerpos estables y programaci\u00f3n en barrios de la ciudad con teatro, m\u00fasica y danza en vivo, en el marco de OAS Invita.<\/p>\n<p>Cabe recordar que habr\u00e1 actividad en los distintos\u00a0<strong>museos provinciales:<\/strong>\u00a0el Museo y Biblioteca Juan Domingo Per\u00f3n (Lobos), el Museo Udaondo (Luj\u00e1n), el Museo Hudson (Florencia Varela), el Museo Casa Evita (Los Toldos), el Museo Quinta 17 de Octubre (San Vicente) y el\u00a0 Museo Libres del Sur (Dolores).\u00a0 La oferta y horarios se pueden consultar en<a href=\"https:\/\/www.gba.gob.ar\/cultura\/museos\">\u00a0https:\/\/www.gba.gob.ar\/cultura\/museos<\/a>.<\/p>\n<p><strong>La Plata:<\/strong>\u00a0El emblem\u00e1tico Centro Provincial de las Artes Teatro Argentino de La Plata contar\u00e1 con atractivas ofertas como la Kerm\u00e9s Cultural \u201cYendo\u201d, de martes a domingo. En la Sala Piazzolla, en tanto, se presentar\u00e1n los artistas Magdalena Fleitas, La Banda de las Corbatas, Vuelta Canela y Pim Pau, entre otros, con entrada gratuita.<\/p>\n<p>En las puertas del Museo Provincial de Bellas Artes Petorutti habr\u00e1 espect\u00e1culos como \u201cCanciones imaginarias\u201d, \u201cSumate a la obra (maquillaje en el Museo)\u201d y \u201cMusicletas\u201d. Por su parte en la Biblioteca Central se presentar\u00e1n propuestas familiares,\u00a0 como \u201cAnimalario fant\u00e1stico\u201d, \u201cFabricanimal Jugueteril\u201d. \u201cAnimalario gr\u00e1fico\u201d, \u201cConversaciones interespecies\u201d, \u201cTerritorio de palabras\u201d, \u201cD\u00fao Karma\u201d y \u201cVi\u00f1etas salvajes\u201d.<\/p>\n<p><strong>Mar del Plata:<\/strong>\u00a0Para acompa\u00f1ar la siempre atractiva oferta tur\u00edstica, el Teatro Auditorium contar\u00e1 con una intensa programaci\u00f3n para todas las edades. \u201cSin Julepe\u201d,\u00a0 \u201cEntre el mar, el puerto y la ciudad\u201d, \u201cHechos Desechos\u201d, \u201cLa gran kermesse musical\u201d, \u201cCosas de Dragones\u201d,\u00a0 \u201cLa Veredita en pijama\u201d, \u201c\u00bfQu\u00e9 pasar\u00eda si ?\u201d, \u201cLa ni\u00f1a que fue Cyrano\u201d, \u201cLes Bucles\u201d, \u201cNi locos\u201d , \u201cH, el Payaso\u201d.<\/p>\n<p>Por su parte el\u00a0 tradicional ciclo \u201cA desaburrir el invierno\u201d en su edici\u00f3n 2023 regresar\u00e1 al formato tem\u00e1tico para presentar \u201cEl puerto arriba\u201d en el Teatro Auditorium, Centro Provincial de las Artes con entrada gratis. As\u00ed, del 18 al 30 de julio, en dos horarios por la tarde, se desarrollar\u00e1 un\u00a0 circuito perform\u00e1tico de actividades art\u00edsticas interactivas que tendr\u00e1 a las y los propios ni\u00f1os de distintas edades como protagonistas.<\/p>\n<p>La oferta se complementa con la grilla del Museo MAR, que tambi\u00e9n cuenta con propuestas para las infancias, como \u201cEl mundo en nuestras manos\u201d, No tiene sentido\u201d y \u201cQue intensa Juana\u201d. A su vez, el Ciclo Museo MAR Invita llevar\u00e1 alternativas a diferentes zonas de la ciudad.<\/p>\n<p><strong>Itinerario en municipios:<\/strong> Vacaciones Divertidas brindar\u00e1 actividades a todos los municipios a trav\u00e9s de ciclos como\u00a0 Chocolate Cultura, Cultura Rodante, Variet\u00e9, Teatro en los Barrios, Cine M\u00f3vil, el Tren Cultural y el Tren Homero. Cultura Rodante seguir\u00e1 recorriendo la provincia de Buenos Aires junto con la Juegoteca Viajera y sus espacios de arte, juegos y lectura, as\u00ed como tambi\u00e9n shows de t\u00edteres y circo. La grilla incluye a Centros Cerrados, Casas de Abrigo y Centros de Recepci\u00f3n.<strong>(VW)<\/strong><\/p>\n<\/div>\n","protected":false},"excerpt":{"rendered":"<p>Organizadas por el Instituto Cultural, estas jornadas se desarrollar\u00e1n entre el 15 y el 30 de julio. Se puede consultar el cronograma por distrito.<\/p>\n","protected":false},"author":3,"featured_media":11115,"comment_status":"closed","ping_status":"closed","sticky":false,"template":"","format":"standard","meta":{"_monsterinsights_skip_tracking":false,"_monsterinsights_sitenote_active":false,"_monsterinsights_sitenote_note":"","_monsterinsights_sitenote_category":0,"footnotes":""},"categories":[7],"tags":[94,511,524,1550],"class_list":["post-11114","post","type-post","status-publish","format-standard","has-post-thumbnail","hentry","category-educacion-y-cultura","tag-actividades","tag-bonaerense","tag-teatro","tag-vacaciones"],"_links":{"self":[{"href":"https:\/\/www.visionweb.com.ar\/index.php?rest_route=\/wp\/v2\/posts\/11114","targetHints":{"allow":["GET"]}}],"collection":[{"href":"https:\/\/www.visionweb.com.ar\/index.php?rest_route=\/wp\/v2\/posts"}],"about":[{"href":"https:\/\/www.visionweb.com.ar\/index.php?rest_route=\/wp\/v2\/types\/post"}],"author":[{"embeddable":true,"href":"https:\/\/www.visionweb.com.ar\/index.php?rest_route=\/wp\/v2\/users\/3"}],"replies":[{"embeddable":true,"href":"https:\/\/www.visionweb.com.ar\/index.php?rest_route=%2Fwp%2Fv2%2Fcomments&post=11114"}],"version-history":[{"count":1,"href":"https:\/\/www.visionweb.com.ar\/index.php?rest_route=\/wp\/v2\/posts\/11114\/revisions"}],"predecessor-version":[{"id":11116,"href":"https:\/\/www.visionweb.com.ar\/index.php?rest_route=\/wp\/v2\/posts\/11114\/revisions\/11116"}],"wp:featuredmedia":[{"embeddable":true,"href":"https:\/\/www.visionweb.com.ar\/index.php?rest_route=\/wp\/v2\/media\/11115"}],"wp:attachment":[{"href":"https:\/\/www.visionweb.com.ar\/index.php?rest_route=%2Fwp%2Fv2%2Fmedia&parent=11114"}],"wp:term":[{"taxonomy":"category","embeddable":true,"href":"https:\/\/www.visionweb.com.ar\/index.php?rest_route=%2Fwp%2Fv2%2Fcategories&post=11114"},{"taxonomy":"post_tag","embeddable":true,"href":"https:\/\/www.visionweb.com.ar\/index.php?rest_route=%2Fwp%2Fv2%2Ftags&post=11114"}],"curies":[{"name":"wp","href":"https:\/\/api.w.org\/{rel}","templated":true}]}}