{"id":11111,"date":"2023-07-06T16:17:19","date_gmt":"2023-07-06T19:17:19","guid":{"rendered":"https:\/\/www.visionweb.com.ar\/?p=11111"},"modified":"2023-07-06T16:17:19","modified_gmt":"2023-07-06T19:17:19","slug":"hospital-melendez-los-trabajadores-exigen-soluciones-ante-el-riesgo-de-derrumbe-del-edificio","status":"publish","type":"post","link":"https:\/\/www.visionweb.com.ar\/?p=11111","title":{"rendered":"Hospital Mel\u00e9ndez: Los trabajadores exigen soluciones ante el riesgo de derrumbe del edificio"},"content":{"rendered":"<p><em><strong>Los trabajadores del nosocomio denuncian las malas condiciones de la infraestructura y exigen un plan de obras urgente. Por el riesgo de derrumbe, trasladaron pacientes internados a otros centros de salud.<\/strong><\/em><!--more--><\/p>\n<p><img loading=\"lazy\" decoding=\"async\" class=\"alignright wp-image-11112 size-medium\" src=\"https:\/\/www.visionweb.com.ar\/wp-content\/uploads\/2023\/07\/PROTESTA-DE-TRABAJADORES-DE-LA-SALUD-300x161.png\" alt=\"Los trabajadores de l Salud de Amte Brown reclaman mejoras en el hospital Melendez\" width=\"300\" height=\"161\" srcset=\"https:\/\/www.visionweb.com.ar\/wp-content\/uploads\/2023\/07\/PROTESTA-DE-TRABAJADORES-DE-LA-SALUD-300x161.png 300w, https:\/\/www.visionweb.com.ar\/wp-content\/uploads\/2023\/07\/PROTESTA-DE-TRABAJADORES-DE-LA-SALUD.png 640w\" sizes=\"auto, (max-width: 300px) 100vw, 300px\" \/><strong>U<\/strong>nos 200 trabajadores de la salud este mi\u00e9rcoles se movilizaron , junto a las organizaciones gremiales,\u00a0 por las calles de Almirante Brown para denunciar \u201cel riesgo de derrumbe\u201d de algunos sectores del edificio del Hospital Lucio Mel\u00e9ndez de la localidad de Adrogu\u00e9, y exigir soluciones antes estas condiciones de trabajo.<\/p>\n<p>La Comisi\u00f3n Vecinal, Gremial y Sindical del Hospital realiz\u00f3 una jornada de lucha ante el riesgo de derrumbe en un sector del edificio, que hab\u00eda estado en obra en 2017, y que llev\u00f3 a que hace dos semanas se resolviera el traslado de pacientes que se encontraban internados all\u00ed.<\/p>\n<p>El secretario general de la Asociaci\u00f3n Sindical de Profesionales de la Salud en la Provincia de Buenos Aires (CICOP), Guillermo Pacngini, explic\u00f3 a AUNO, que las autoridades provinciales \u201cse comprometieron a hacer lo que se llama el plan de factibilidad estructural y nunca lo hicieron\u201d por lo que \u201cel hospital estaba trabajando en clave roja, en emergencia\u201d.<\/p>\n<p>En este sentido, el secretario gremial detall\u00f3 que se pidi\u00f3 pr\u00e1cticamente infraestructura de hospital y quir\u00f3fano de campa\u00f1a, aunque tampoco \u201chubo respuesta en esas cuestiones que son de contingencia\u201d, por lo que\u00a0<strong>calific\u00f3 a la situaci\u00f3n del Mel\u00e9ndez como una \u201ccr\u00f3nica de una emergencia sanitaria anunciada\u201d<\/strong>.<\/p>\n<p>Pacagnini consider\u00f3 que la situaci\u00f3n del Hospital tiene \u201cdos lecturas importantes\u201d que refieren, por un lado, a \u201cla contingencia en s\u00ed misma\u201d que \u201cimplica una barbaridad durante el gobierno de\u00a0(la ex gobernadora bonaerense Mar\u00eda Eugenia) Vidal, una cosa evidentemente que no ha seguido los par\u00e1metros de la arquitectura sanitaria\u201d.<\/p>\n<p>En este sentido, el secretario gremial expres\u00f3 que \u201cni siquiera los protocolos m\u00e1s elementales de la construcci\u00f3n\u201d se cumplieron en el edificio de salud, y ahora \u201cse est\u00e1n pagando las consecuencias\u201d.<\/p>\n<p>La segunda lectura tiene que ver con\u00a0<strong>\u201cgrav\u00edsimos problemas estructurales\u201d en el sistema sanitario<\/strong>\u00a0\u201cque vienen de d\u00e9cadas\u201d atr\u00e1s, consecuencia de que \u201cnunca hubo un plan de salud con la inversi\u00f3n suficiente\u201d, remarc\u00f3 Pacagnini.<\/p>\n<p>Por su parte, el secretario general de CICOP, An\u00edbal Aristiz\u00e1bal, explic\u00f3 que tanto el hospital browniano como \u201cel L\u00f3pez y Planes de General Rodr\u00edguez, el Iriarte de Quilmes y el Alende de Mar del Plata\u201d son \u201chospitales que se ten\u00edan que hacer a nuevo\u201d durante la gesti\u00f3n de la ex gobernadora ya que \u201cest\u00e1n muy mal estructuralmente\u201d.<\/p>\n<p>La Asociaci\u00f3n de M\u00e9dicos de la Rep\u00fablica Argentina (AMRA) Seccional Sur acompa\u00f1\u00f3 el reclamo y, desde este espacio, el delegado y doctor Jorge Ouvi\u00f1a explic\u00f3 que \u201cesta situaci\u00f3n viene desde noviembre de 2021, fecha en la que ocurri\u00f3 el hundimiento del servicio de Cl\u00ednica M\u00e9dica\u201d.<\/p>\n<p>En este sentido, Ouvi\u00f1a detall\u00f3, en un comunicado de prensa, que el AMRA \u201celev\u00f3 notas en reiteradas oportunidades a la Direcci\u00f3n del hospital a fin de dar resoluci\u00f3n a esta grave realidad\u201d.<\/p>\n<p>Por su parte, la Confederaci\u00f3n General del Trabajo (CGT) Regional Lomas de Zamora expres\u00f3 en un comunicado de prensa su \u201csolidaridad y firme adhesi\u00f3n\u201d y se puso a disposici\u00f3n de los trabajadores en lucha con el \u201cconvencimiento que las mejoras en el \u00e1mbito laboral ser\u00e1n de gran beneficio para los vecinos y vecinas que se asisten\u201d en el hospital<strong>(VW)<\/strong>.<\/p>\n","protected":false},"excerpt":{"rendered":"<p>Los trabajadores del nosocomio denuncian las malas condiciones de la infraestructura y exigen un plan de obras urgente. Por el riesgo de derrumbe, trasladaron pacientes internados a otros centros de salud.<\/p>\n","protected":false},"author":3,"featured_media":11112,"comment_status":"closed","ping_status":"closed","sticky":false,"template":"","format":"standard","meta":{"_monsterinsights_skip_tracking":false,"_monsterinsights_sitenote_active":false,"_monsterinsights_sitenote_note":"","_monsterinsights_sitenote_category":0,"footnotes":""},"categories":[5],"tags":[4618,823,4617,1247],"class_list":["post-11111","post","type-post","status-publish","format-standard","has-post-thumbnail","hentry","category-sociedad","tag-derrumbe","tag-hospital","tag-melendez","tag-trabajadores"],"_links":{"self":[{"href":"https:\/\/www.visionweb.com.ar\/index.php?rest_route=\/wp\/v2\/posts\/11111","targetHints":{"allow":["GET"]}}],"collection":[{"href":"https:\/\/www.visionweb.com.ar\/index.php?rest_route=\/wp\/v2\/posts"}],"about":[{"href":"https:\/\/www.visionweb.com.ar\/index.php?rest_route=\/wp\/v2\/types\/post"}],"author":[{"embeddable":true,"href":"https:\/\/www.visionweb.com.ar\/index.php?rest_route=\/wp\/v2\/users\/3"}],"replies":[{"embeddable":true,"href":"https:\/\/www.visionweb.com.ar\/index.php?rest_route=%2Fwp%2Fv2%2Fcomments&post=11111"}],"version-history":[{"count":1,"href":"https:\/\/www.visionweb.com.ar\/index.php?rest_route=\/wp\/v2\/posts\/11111\/revisions"}],"predecessor-version":[{"id":11113,"href":"https:\/\/www.visionweb.com.ar\/index.php?rest_route=\/wp\/v2\/posts\/11111\/revisions\/11113"}],"wp:featuredmedia":[{"embeddable":true,"href":"https:\/\/www.visionweb.com.ar\/index.php?rest_route=\/wp\/v2\/media\/11112"}],"wp:attachment":[{"href":"https:\/\/www.visionweb.com.ar\/index.php?rest_route=%2Fwp%2Fv2%2Fmedia&parent=11111"}],"wp:term":[{"taxonomy":"category","embeddable":true,"href":"https:\/\/www.visionweb.com.ar\/index.php?rest_route=%2Fwp%2Fv2%2Fcategories&post=11111"},{"taxonomy":"post_tag","embeddable":true,"href":"https:\/\/www.visionweb.com.ar\/index.php?rest_route=%2Fwp%2Fv2%2Ftags&post=11111"}],"curies":[{"name":"wp","href":"https:\/\/api.w.org\/{rel}","templated":true}]}}