{"id":11108,"date":"2023-07-06T12:37:20","date_gmt":"2023-07-06T15:37:20","guid":{"rendered":"https:\/\/www.visionweb.com.ar\/?p=11108"},"modified":"2023-07-06T12:37:20","modified_gmt":"2023-07-06T15:37:20","slug":"diputados-media-sancion-a-la-profesionalizacion-de-acompanantes-terapeuticos","status":"publish","type":"post","link":"https:\/\/www.visionweb.com.ar\/?p=11108","title":{"rendered":"Diputados: Media sanci\u00f3n a la profesionalizaci\u00f3n de Acompa\u00f1antes Terap\u00e9uticos\u00a0"},"content":{"rendered":"<p><em><strong>Se aprob\u00f3 con 197 votos a favor\u00a0y\u00a03 votos en contra por parte del bloque de Milei.\u00a0 Pas\u00f3 al\u00a0Senado, y si cuenta con mayor\u00eda, ser\u00e1 ley. <\/strong><\/em><!--more--><\/p>\n<p><img loading=\"lazy\" decoding=\"async\" class=\"size-full wp-image-11109 alignright\" src=\"https:\/\/www.visionweb.com.ar\/wp-content\/uploads\/2023\/07\/diput.png\" alt=\"\" width=\"291\" height=\"157\" \/> <strong>L<\/strong>a C\u00e1mara de Diputados dio media sanci\u00f3n esta noche al proyecto de\u00a0<strong>ley que regula el ejercicio de los acompa\u00f1antes terap\u00e9uticos\u00a0<\/strong>y que busca que sean considerados trabajadores profesionales aut\u00f3nomos, y no como simples auxiliares.<\/p>\n<p>El proyecto\u00a0<strong>impulsado desde 2016 por la diputada nacional radical Soledad Carrizo y que cosech\u00f3 197 votos afirmativos\u00a0<\/strong>contra tres negativos de los liberales Javier Milei, Victoria Villarruel y Carolina P\u00edparo,\u00a0<strong>pasar\u00e1 ahora al Senado en busca de su sanci\u00f3n<\/strong>.<\/p>\n<p>La ley apunta a generar un marco general y nacional con criterios comunes para regular la actividad profesional de acompa\u00f1antes terap\u00e9uticos, dado que\u00a0<strong>hay 13 provincias que ya han sancionado normativas propias sobre la materia, aunque muy dispares\u00a0<\/strong>entre s\u00ed.<\/p>\n<p>La\u00a0<strong>profesionalizaci\u00f3n de acompa\u00f1antes terap\u00e9uticos<\/strong>, tiene como objeto establecer el marco general del ejercicio de la profesi\u00f3n, abordando intervenciones de trabajadores con matr\u00edcula habilitante que faciliten rehabilitaciones y reinserci\u00f3n en el \u00e1mbito comunitario. Adem\u00e1s, contempla la promoci\u00f3n por parte del Ejecutivo Nacional de carreras de esta especialidad en la\u00a0<strong>Educaci\u00f3n Superior<\/strong><\/p>\n<p>\u201cLos servicios del acompa\u00f1ante terap\u00e9utico tienen una creciente demanda, acompa\u00f1ada por un continuo aumento de nuevos profesionales, y nuevas ofertas acad\u00e9micas de formaci\u00f3n. Pero esto\u00a0<strong>es tambi\u00e9n un desaf\u00edo que reclama reglas claras para su desarrollo.\u00a0<\/strong>Y esa ha sido nuestra meta\u201d, sostuvo Carrizo.<\/p>\n<p>Los acompa\u00f1antes terap\u00e9uticos son aquellos\u00a0<strong>profesionales que con matr\u00edcula habilitante intervienen a trav\u00e9s de un abordaje biopsicosocial integral, en el marco de un equipo interdisciplinario y por indicaci\u00f3n de un profesional de la salud tratante a cargo, para facilitar la rehabilitaci\u00f3n\u00a0<\/strong>de la persona acompa\u00f1ada.<\/p>\n<p>Tambi\u00e9n intervienen a trav\u00e9s de\u00a0<strong>estrategias terap\u00e9uticas no farmacol\u00f3gicas para prevenir eventuales reca\u00eddas, identificar situaciones de riesgo y promover su reinserci\u00f3n\u00a0<\/strong>en el \u00e1mbito comunitario, promoviendo el ejercicio efectivo de sus derechos, bajo el paradigma de salud comunitaria y colectiva.<\/p>\n<p>El proyecto establece que \u201cpara el ejercicio profesional los acompa\u00f1antes terap\u00e9uticos deber\u00e1n inscribir previamente el\u00a0<strong>t\u00edtulo habilitante ante las autoridades competentes\u00a0<\/strong>designadas por las jurisdicciones locales\u201d.<\/p>\n<p>Tambi\u00e9n deber\u00e1n aprobar un\u00a0<strong>curso de formaci\u00f3n complementario en un plazo m\u00e1ximo de cinco a\u00f1os\u00a0<\/strong>contados a partir de la promulgaci\u00f3n de la ley.<\/p>\n<p>Adem\u00e1s, se prev\u00e9 la obligaci\u00f3n del Poder Ejecutivo Nacional de\u00a0<strong>promover ante los organismos que correspondan la creaci\u00f3n de la carrera de acompa\u00f1ante terap\u00e9utico a cargo de Universidades\u00a0<\/strong>e Institutos de educaci\u00f3n superior, de gesti\u00f3n p\u00fablica y privada, y la unificaci\u00f3n de la curr\u00edcula. <strong>(VW)<\/strong><\/p>\n","protected":false},"excerpt":{"rendered":"<p>Se aprob\u00f3 con 197 votos a favor\u00a0y\u00a03 votos en contra por parte del bloque de Milei.\u00a0 Pas\u00f3 al\u00a0Senado, y si cuenta con mayor\u00eda, ser\u00e1 ley.<\/p>\n","protected":false},"author":4,"featured_media":11109,"comment_status":"closed","ping_status":"closed","sticky":false,"template":"","format":"standard","meta":{"_monsterinsights_skip_tracking":false,"_monsterinsights_sitenote_active":false,"_monsterinsights_sitenote_note":"","_monsterinsights_sitenote_category":0,"footnotes":""},"categories":[4,5],"tags":[143,2572,4616],"class_list":["post-11108","post","type-post","status-publish","format-standard","has-post-thumbnail","hentry","category-politica","category-sociedad","tag-diputados","tag-media-sancion","tag-profesionalizacion-de-acompanantes-terapeuticos"],"_links":{"self":[{"href":"https:\/\/www.visionweb.com.ar\/index.php?rest_route=\/wp\/v2\/posts\/11108","targetHints":{"allow":["GET"]}}],"collection":[{"href":"https:\/\/www.visionweb.com.ar\/index.php?rest_route=\/wp\/v2\/posts"}],"about":[{"href":"https:\/\/www.visionweb.com.ar\/index.php?rest_route=\/wp\/v2\/types\/post"}],"author":[{"embeddable":true,"href":"https:\/\/www.visionweb.com.ar\/index.php?rest_route=\/wp\/v2\/users\/4"}],"replies":[{"embeddable":true,"href":"https:\/\/www.visionweb.com.ar\/index.php?rest_route=%2Fwp%2Fv2%2Fcomments&post=11108"}],"version-history":[{"count":1,"href":"https:\/\/www.visionweb.com.ar\/index.php?rest_route=\/wp\/v2\/posts\/11108\/revisions"}],"predecessor-version":[{"id":11110,"href":"https:\/\/www.visionweb.com.ar\/index.php?rest_route=\/wp\/v2\/posts\/11108\/revisions\/11110"}],"wp:featuredmedia":[{"embeddable":true,"href":"https:\/\/www.visionweb.com.ar\/index.php?rest_route=\/wp\/v2\/media\/11109"}],"wp:attachment":[{"href":"https:\/\/www.visionweb.com.ar\/index.php?rest_route=%2Fwp%2Fv2%2Fmedia&parent=11108"}],"wp:term":[{"taxonomy":"category","embeddable":true,"href":"https:\/\/www.visionweb.com.ar\/index.php?rest_route=%2Fwp%2Fv2%2Fcategories&post=11108"},{"taxonomy":"post_tag","embeddable":true,"href":"https:\/\/www.visionweb.com.ar\/index.php?rest_route=%2Fwp%2Fv2%2Ftags&post=11108"}],"curies":[{"name":"wp","href":"https:\/\/api.w.org\/{rel}","templated":true}]}}