{"id":11106,"date":"2023-07-06T11:48:14","date_gmt":"2023-07-06T14:48:14","guid":{"rendered":"https:\/\/www.visionweb.com.ar\/?p=11106"},"modified":"2023-07-06T11:48:14","modified_gmt":"2023-07-06T14:48:14","slug":"la-uta-anuncio-un-paro-nacional-de-colectivos-para-manana-viernes","status":"publish","type":"post","link":"https:\/\/www.visionweb.com.ar\/?p=11106","title":{"rendered":"La UTA anunci\u00f3 un paro nacional de colectivos para ma\u00f1ana viernes"},"content":{"rendered":"<p><em><strong>Desde la UTA reclaman que se aplique la resoluci\u00f3n firmada en el \u00faltimo acuerdo salarial. Piden \u00abno ser rehenes\u00bb de diferencias entre empresas y el gobierno. Hab\u00edan acordado un nuevo b\u00e1sico salarial de 348.800 pesos para julio.<\/strong><\/em><!--more--><\/p>\n<p><img loading=\"lazy\" decoding=\"async\" class=\"size-full wp-image-10679 alignright\" src=\"https:\/\/www.visionweb.com.ar\/wp-content\/uploads\/2023\/05\/paro-colect.png\" alt=\"\" width=\"255\" height=\"128\" \/>La Uni\u00f3n Tranviarios Automotor (UTA) convoc\u00f3 a un nuevo paro en las l\u00edneas de\u00a0<strong>corta y media distancia para el viernes 7, <\/strong>en reclamo de que las empresas cumplan con el pago del aumento salarial acordado en paritarias.<\/p>\n<p>En esa l\u00ednea, la UTA emiti\u00f3 ayer un comunicado con el que dej\u00f3 latente la posibilidad de un paro de colectivos en todo el pa\u00eds a partir de las 00:00 de este viernes.<\/p>\n<p>En el comunicado el gremio exigi\u00f3 \u201cla<strong>\u00a0vigencia y exigibilidad de la resoluci\u00f3n conjunta, que determin\u00f3 las escalas salariales para los trabajadores del \u00c1rea Metropolitana Buenos Aires\u00a0<\/strong>(AMBA) y del interior tras el acuerdo con la Federaci\u00f3n Argentina de Transportadores por Automotor de Pasajeros\u201d.<\/p>\n<p>El sindicato advirti\u00f3 que\u00a0<strong>la medida de fuerza se cumplir\u00e1 mientras las empresas no acaten la resoluci\u00f3n conjunta de los ministerios de Trabajo y Transporte que dispuso la mejora salarial\u00a0<\/strong>para los choferes del interior y para el \u00e1rea metropolitana.<\/p>\n<p>LA UTA, liderada por Roberto Fern\u00e1ndez, sostuvo que la posibilidad de una<strong>\u00a0\u201cretenci\u00f3n de tareas\u201d<\/strong>\u00a0surge como producto de \u201clas diferencias existentes\u00a0<strong>entre el sector empresario y la autoridad de aplicaci\u00f3n son completamente ajenas e independientes de los salarios\u00a0<\/strong>de los trabajadores\u201d.<\/p>\n<p>Agreg\u00f3 que los choferes \u201cno pueden, ni deben,\u00a0<strong>esperar disposiciones reglamentarias, convenios o rendiciones para percibir sus haberes\u00a0<\/strong>y no pueden ser rehenes de la problem\u00e1tica del servicio\u201d.<\/p>\n<p>Las c\u00e1maras empresarias y el gremio hab\u00edan acordado que los choferes de colectivos que prestan servicios en el \u00c1rea Metropolitana de Buenos Aires (AMBA) y en el interior del pa\u00eds acceder\u00edan en julio a un\u00a0<strong>nuevo b\u00e1sico salarial de 348.800 pesos<\/strong>.<\/p>\n<p>El acuerdo salarial que es subsidiado con fondos de los ministerios de Transporte y Trabajo, Empleo y Seguridad Social\u00a0<strong>estableci\u00f3 elevar el salario b\u00e1sico retroactivo a abril a 262.000 pesos y una suma fija no remunerativa\u00a0<\/strong>y por \u00fanica vez de 32.000 pesos.<\/p>\n<p>En mayo el b\u00e1sico se estableci\u00f3 en 284.000 pesos, en junio en 320.000 pesos, en julio prev\u00e9 un piso de 348.800 pesos, en agosto ser\u00eda de 380.192 pesos y\u00a0<strong>en septiembre, de 414.409 pesos<\/strong>. <strong>(VW)<\/strong><\/p>\n","protected":false},"excerpt":{"rendered":"<p>Desde la UTA reclaman que se aplique la resoluci\u00f3n firmada en el \u00faltimo acuerdo salarial. Piden \u00abno ser rehenes\u00bb de diferencias entre empresas y el gobierno. Hab\u00edan acordado un nuevo b\u00e1sico salarial de 348.800&#46;&#46;&#46;<\/p>\n","protected":false},"author":4,"featured_media":10679,"comment_status":"closed","ping_status":"closed","sticky":false,"template":"","format":"standard","meta":{"_monsterinsights_skip_tracking":false,"_monsterinsights_sitenote_active":false,"_monsterinsights_sitenote_note":"","_monsterinsights_sitenote_category":0,"footnotes":""},"categories":[6,4,5],"tags":[4614,4615,2697],"class_list":["post-11106","post","type-post","status-publish","format-standard","has-post-thumbnail","hentry","category-economia","category-politica","category-sociedad","tag-acuerdo-salarial","tag-paro-viernes","tag-uta"],"_links":{"self":[{"href":"https:\/\/www.visionweb.com.ar\/index.php?rest_route=\/wp\/v2\/posts\/11106","targetHints":{"allow":["GET"]}}],"collection":[{"href":"https:\/\/www.visionweb.com.ar\/index.php?rest_route=\/wp\/v2\/posts"}],"about":[{"href":"https:\/\/www.visionweb.com.ar\/index.php?rest_route=\/wp\/v2\/types\/post"}],"author":[{"embeddable":true,"href":"https:\/\/www.visionweb.com.ar\/index.php?rest_route=\/wp\/v2\/users\/4"}],"replies":[{"embeddable":true,"href":"https:\/\/www.visionweb.com.ar\/index.php?rest_route=%2Fwp%2Fv2%2Fcomments&post=11106"}],"version-history":[{"count":1,"href":"https:\/\/www.visionweb.com.ar\/index.php?rest_route=\/wp\/v2\/posts\/11106\/revisions"}],"predecessor-version":[{"id":11107,"href":"https:\/\/www.visionweb.com.ar\/index.php?rest_route=\/wp\/v2\/posts\/11106\/revisions\/11107"}],"wp:featuredmedia":[{"embeddable":true,"href":"https:\/\/www.visionweb.com.ar\/index.php?rest_route=\/wp\/v2\/media\/10679"}],"wp:attachment":[{"href":"https:\/\/www.visionweb.com.ar\/index.php?rest_route=%2Fwp%2Fv2%2Fmedia&parent=11106"}],"wp:term":[{"taxonomy":"category","embeddable":true,"href":"https:\/\/www.visionweb.com.ar\/index.php?rest_route=%2Fwp%2Fv2%2Fcategories&post=11106"},{"taxonomy":"post_tag","embeddable":true,"href":"https:\/\/www.visionweb.com.ar\/index.php?rest_route=%2Fwp%2Fv2%2Ftags&post=11106"}],"curies":[{"name":"wp","href":"https:\/\/api.w.org\/{rel}","templated":true}]}}