{"id":11103,"date":"2023-07-05T14:55:08","date_gmt":"2023-07-05T17:55:08","guid":{"rendered":"https:\/\/www.visionweb.com.ar\/?p=11103"},"modified":"2023-07-05T14:55:08","modified_gmt":"2023-07-05T17:55:08","slug":"cicop-y-ate-bonaerense-piden-urgente-una-recomposicion-salarial","status":"publish","type":"post","link":"https:\/\/www.visionweb.com.ar\/?p=11103","title":{"rendered":"Cicop y ATE bonaerense piden urgente una recomposici\u00f3n salarial"},"content":{"rendered":"<p><em><strong>Los gremios hacen un reclamo urgente. Exigen una convocatoria del gobierno, una paritaria nacional y mayor presupuesto para la salud p\u00fablica.<\/strong><\/em><strong>\u00a0<\/strong><!--more--><\/p>\n<p><strong><img loading=\"lazy\" decoding=\"async\" class=\"size-full wp-image-11104 alignright\" src=\"https:\/\/www.visionweb.com.ar\/wp-content\/uploads\/2023\/07\/cicop.png\" alt=\"\" width=\"291\" height=\"259\" \/>\u00a0 ATE bonaerense y Cicop reclamaron una convocatoria de las autoridades<\/strong> <strong>de la provincia de Buenos Aires, <\/strong>ya que a pesar de que en algunos casos hubo un primer acercamiento en las \u00faltimas semanas para discutir salarios, no hubo a\u00fan oferta alguna y\u00a0<strong>gremios reclaman un aumento \u201curgente\u201d.<\/strong><\/p>\n<p>En ese sentido, <a href=\"https:\/\/twitter.com\/ATEBuenosAires\">ATE bonaerense<\/a>\u00a0reclam\u00f3 que \u201cse convoque de manera urgente a la paritaria salarial\u201d.\u00a0<strong>\u201cEs necesario que sigamos discutiendo salarios, ya que han quedado muy relegados por el proceso inflacionario. Adem\u00e1s, se debe acelerar el proceso de pase a planta permanente\u201d<\/strong>, explic\u00f3 Oscar de Isasi.<\/p>\n<p>El gremio se reuni\u00f3 <strong>el mes pasado con autoridades y solicit\u00f3 que la suba salarial sea superior a la inflaci\u00f3n. Pero a\u00fan no recibi\u00f3 oferta alguna ni un llamado a continuar con la discusi\u00f3n.<\/strong><\/p>\n<p>El Gobierno y los sindicatos hab\u00edan acordado un incremento promedio en tres tramos de 20% en marzo, 6% en mayo y 14% en julio\u00a0(totalizando un 40% en los primeros siete meses del a\u00f1o).<\/p>\n<p><strong>Por su parte, la Asociaci\u00f3n Sindical de Profesionales de la Salud de la provincia de Buenos Aires (<a href=\"https:\/\/twitter.com\/CICOP_ok\">Cicop<\/a>) se sum\u00f3 al reclamo, sobre todo teniendo en cuenta que a la fecha no hubo ning\u00fan encuentro<\/strong>, como s\u00ed pas\u00f3 con otros gremios, tales como la Asociaci\u00f3n Judicial Bonaerense (AJB) y el Frente de Unidad Docente Bonaerense (FUDB).<\/p>\n<p><strong>\u00a0\u201cExigimos convocatoria a paritarias en la Provincia y los Municipios para discutir salario y condiciones de trabajo. Reclamamos un aumento salarial por encima de la inflaci\u00f3n para todo el Equipo de Salud\u201d<\/strong>, advierte el gremio.<\/p>\n<p>Exigen, adem\u00e1s de la convocatoria, una paritaria nacional y mayor presupuesto para la salud p\u00fablica. <strong>(VW)<\/strong><\/p>\n","protected":false},"excerpt":{"rendered":"<p>Los gremios hacen un reclamo urgente. Exigen una convocatoria del gobierno, una paritaria nacional y mayor presupuesto para la salud p\u00fablica.\u00a0<\/p>\n","protected":false},"author":4,"featured_media":11104,"comment_status":"closed","ping_status":"closed","sticky":false,"template":"","format":"standard","meta":{"_monsterinsights_skip_tracking":false,"_monsterinsights_sitenote_active":false,"_monsterinsights_sitenote_note":"","_monsterinsights_sitenote_category":0,"footnotes":""},"categories":[6,4,5],"tags":[4612,435,4613,3541],"class_list":["post-11103","post","type-post","status-publish","format-standard","has-post-thumbnail","hentry","category-economia","category-politica","category-sociedad","tag-ate-bonaerense","tag-cicop","tag-convocatoria-a-paritarias","tag-reclamo-salarial"],"_links":{"self":[{"href":"https:\/\/www.visionweb.com.ar\/index.php?rest_route=\/wp\/v2\/posts\/11103","targetHints":{"allow":["GET"]}}],"collection":[{"href":"https:\/\/www.visionweb.com.ar\/index.php?rest_route=\/wp\/v2\/posts"}],"about":[{"href":"https:\/\/www.visionweb.com.ar\/index.php?rest_route=\/wp\/v2\/types\/post"}],"author":[{"embeddable":true,"href":"https:\/\/www.visionweb.com.ar\/index.php?rest_route=\/wp\/v2\/users\/4"}],"replies":[{"embeddable":true,"href":"https:\/\/www.visionweb.com.ar\/index.php?rest_route=%2Fwp%2Fv2%2Fcomments&post=11103"}],"version-history":[{"count":1,"href":"https:\/\/www.visionweb.com.ar\/index.php?rest_route=\/wp\/v2\/posts\/11103\/revisions"}],"predecessor-version":[{"id":11105,"href":"https:\/\/www.visionweb.com.ar\/index.php?rest_route=\/wp\/v2\/posts\/11103\/revisions\/11105"}],"wp:featuredmedia":[{"embeddable":true,"href":"https:\/\/www.visionweb.com.ar\/index.php?rest_route=\/wp\/v2\/media\/11104"}],"wp:attachment":[{"href":"https:\/\/www.visionweb.com.ar\/index.php?rest_route=%2Fwp%2Fv2%2Fmedia&parent=11103"}],"wp:term":[{"taxonomy":"category","embeddable":true,"href":"https:\/\/www.visionweb.com.ar\/index.php?rest_route=%2Fwp%2Fv2%2Fcategories&post=11103"},{"taxonomy":"post_tag","embeddable":true,"href":"https:\/\/www.visionweb.com.ar\/index.php?rest_route=%2Fwp%2Fv2%2Ftags&post=11103"}],"curies":[{"name":"wp","href":"https:\/\/api.w.org\/{rel}","templated":true}]}}