{"id":11092,"date":"2023-07-04T10:09:47","date_gmt":"2023-07-04T13:09:47","guid":{"rendered":"https:\/\/www.visionweb.com.ar\/?p=11092"},"modified":"2023-07-04T10:11:44","modified_gmt":"2023-07-04T13:11:44","slug":"grindetti-inicia-una-recorrida-por-60-municipios-bonaerenses","status":"publish","type":"post","link":"https:\/\/www.visionweb.com.ar\/?p=11092","title":{"rendered":"Grindetti inicia una recorrida por 60 municipios bonaerenses"},"content":{"rendered":"<p><strong><em>La agenda estar\u00e1 vinculada a la recuperaci\u00f3n del orden p\u00fablico, la lucha contra la inseguridad y la situaci\u00f3n econ\u00f3mica de los comercios y PyMEs.\u00a0<\/em><\/strong><!--more--><\/p>\n<p><strong><img loading=\"lazy\" decoding=\"async\" class=\"size-medium wp-image-11095 alignright\" src=\"https:\/\/www.visionweb.com.ar\/wp-content\/uploads\/2023\/07\/BPGN-QUILMES-300x200.jpeg\" alt=\"\" width=\"300\" height=\"200\" srcset=\"https:\/\/www.visionweb.com.ar\/wp-content\/uploads\/2023\/07\/BPGN-QUILMES-300x200.jpeg 300w, https:\/\/www.visionweb.com.ar\/wp-content\/uploads\/2023\/07\/BPGN-QUILMES.jpeg 640w\" sizes=\"auto, (max-width: 300px) 100vw, 300px\" \/>E<\/strong>l precandidato a gobernador de Patricia Bullrich, Nestor Grindetti visitar\u00e1 60 municipios en los pr\u00f3ximos 40 d\u00edas previo a las elecciones PASO del 13 de Agosto.<\/p>\n<p>La agenda comprender\u00e1 recorridos por el conurbano, espec\u00edficamente en la tercera secci\u00f3n electoral y visitas a ciudades del interior provincial. Orden, reformas del Estado y descentralizaci\u00f3n municipal, los ejes de la campa\u00f1a electoral.<\/p>\n<p>El pasado fin de semana, en Malvinas Argentinas, Nestor Grindetti dio inicio a su gira provincial de cara a las elecciones PASO, donde recorrer\u00e1 60 municipios en la mayor\u00eda de las oportunidades acompa\u00f1ado por la precandidata a presidente, Patricia Bullrich y al diputado nacional, Cristian Ritondo.<\/p>\n<p>La agenda estar\u00e1 vinculada a la recuperaci\u00f3n del orden p\u00fablico, la lucha contra la inseguridad y la situaci\u00f3n\u00a0econ\u00f3mica de los comercios y pymes.<\/p>\n<p>\u00abQueremos una campa\u00f1a de contrastes con el kirchnerismo, donde le mostremos a los vecinos nuestras ideas n\u00edtidas y claras sobre la necesidad de devolver el \u00aborden\u00bb a la sociedad, no solo en las calles a trav\u00e9s de la seguridad, sino tambi\u00e9n en el Estado para ser facilitadores del sector privado y brindar mayores oportunidades apalancado en nuestro conocimiento del territorio y de la gesti\u00f3n, por eso la necesidad de descentralizar una serie de pol\u00edticas p\u00fablicas hacia los municipios\u00bb, expres\u00f3 Grindetti.<\/p>\n<p>En el interior provincial estar\u00e1 apoyado por su compa\u00f1ero de f\u00f3rmula, Miguel Fernandez quien gobierna el municipio de Trenque Lauquen y lidera el foro de intendentes radicales. La f\u00f3rmula\u00a0Grindetti- Fernandez compromete un fuerte apoyo al sector agroindustrial a trav\u00e9s de la baja de impuestos provinciales y l\u00edneas de financiamiento.<\/p>\n<p>Consultado sobre qu\u00e9 lo diferencia de Diego Santilli, Grindetti analiz\u00f3: \u00bb A Diego (Santilli) lo respeto y no voy a hablar de \u00e9l en particular , creo que tengo la experiencia suficiente y las ideas de cambio muy claras, soy bonaerense, conozco nuestra idiosincrasia y tengo un recorrido entre el sector p\u00fablico y privado que me permite hablar con propiedad sobre las reformas que hay que hacer en el Estado provincial\u00bb, describi\u00f3.<\/p>\n<p>Record\u00f3 asimismo que se desempe\u00f1\u00f3 como\u00a0 ministro de Econom\u00eda 8 a\u00f1os en el gobierno de Mauricio (Macri) en la ciudad y llevo otros 8 a\u00f1os de intendente en un municipio de 500 mil habitantes, el segundo m\u00e1s densamente poblado de la Argentina en el coraz\u00f3n del conurbano bonaerense, esos son mis antecedentes, luego la gente decidir\u00e1\u00bb.<\/p>\n<p>Grindetti, este lunes,\u00a0 estuvo en Quilmes y se espera para esta semana su presencia en las localidades de Lomas de Zamora y Alte Brown en el sur del conurbano y hacia el fin de semana visitar\u00e1\u00a0 Z\u00e1rate, Pergamino, Jun\u00edn y Carlos Casares en el interior provincial<strong>(VW)<\/strong>.<\/p>\n","protected":false},"excerpt":{"rendered":"<p>La agenda estar\u00e1 vinculada a la recuperaci\u00f3n del orden p\u00fablico, la lucha contra la inseguridad y la situaci\u00f3n econ\u00f3mica de los comercios y PyMEs.\u00a0<\/p>\n","protected":false},"author":3,"featured_media":11095,"comment_status":"closed","ping_status":"closed","sticky":false,"template":"","format":"standard","meta":{"_monsterinsights_skip_tracking":false,"_monsterinsights_sitenote_active":false,"_monsterinsights_sitenote_note":"","_monsterinsights_sitenote_category":0,"footnotes":""},"categories":[4],"tags":[4611,18,859,1089],"class_list":["post-11092","post","type-post","status-publish","format-standard","has-post-thumbnail","hentry","category-politica","tag-biullrich","tag-grindetti","tag-quilmes","tag-recorrida"],"_links":{"self":[{"href":"https:\/\/www.visionweb.com.ar\/index.php?rest_route=\/wp\/v2\/posts\/11092","targetHints":{"allow":["GET"]}}],"collection":[{"href":"https:\/\/www.visionweb.com.ar\/index.php?rest_route=\/wp\/v2\/posts"}],"about":[{"href":"https:\/\/www.visionweb.com.ar\/index.php?rest_route=\/wp\/v2\/types\/post"}],"author":[{"embeddable":true,"href":"https:\/\/www.visionweb.com.ar\/index.php?rest_route=\/wp\/v2\/users\/3"}],"replies":[{"embeddable":true,"href":"https:\/\/www.visionweb.com.ar\/index.php?rest_route=%2Fwp%2Fv2%2Fcomments&post=11092"}],"version-history":[{"count":3,"href":"https:\/\/www.visionweb.com.ar\/index.php?rest_route=\/wp\/v2\/posts\/11092\/revisions"}],"predecessor-version":[{"id":11097,"href":"https:\/\/www.visionweb.com.ar\/index.php?rest_route=\/wp\/v2\/posts\/11092\/revisions\/11097"}],"wp:featuredmedia":[{"embeddable":true,"href":"https:\/\/www.visionweb.com.ar\/index.php?rest_route=\/wp\/v2\/media\/11095"}],"wp:attachment":[{"href":"https:\/\/www.visionweb.com.ar\/index.php?rest_route=%2Fwp%2Fv2%2Fmedia&parent=11092"}],"wp:term":[{"taxonomy":"category","embeddable":true,"href":"https:\/\/www.visionweb.com.ar\/index.php?rest_route=%2Fwp%2Fv2%2Fcategories&post=11092"},{"taxonomy":"post_tag","embeddable":true,"href":"https:\/\/www.visionweb.com.ar\/index.php?rest_route=%2Fwp%2Fv2%2Ftags&post=11092"}],"curies":[{"name":"wp","href":"https:\/\/api.w.org\/{rel}","templated":true}]}}