{"id":11089,"date":"2023-07-03T11:32:40","date_gmt":"2023-07-03T14:32:40","guid":{"rendered":"https:\/\/www.visionweb.com.ar\/?p=11089"},"modified":"2023-07-03T11:32:40","modified_gmt":"2023-07-03T14:32:40","slug":"un-nuevo-informe-revelo-que-hubo-167-femicidios-en-lo-que-va-del-2023","status":"publish","type":"post","link":"https:\/\/www.visionweb.com.ar\/?p=11089","title":{"rendered":"Un nuevo informe revel\u00f3 que hubo 167 femicidios en lo que va del 2023"},"content":{"rendered":"<p><em><strong>Desde el Observatorio de La Casa del Encuentro destacaron que \u201cson cr\u00edmenes que se pueden prevenir si se activan las pol\u00edticas de protecci\u00f3n hacia quienes est\u00e1n en situaci\u00f3n de violencia\u201d.<\/strong><\/em><!--more--><\/p>\n<p><strong>\u00a0 <img loading=\"lazy\" decoding=\"async\" class=\"size-full wp-image-11090 alignright\" src=\"https:\/\/www.visionweb.com.ar\/wp-content\/uploads\/2023\/07\/casa-del-encuentro.png\" alt=\"\" width=\"290\" height=\"164\" \/>\u00a0\u00a0 E<\/strong>l Observatorio \u201cAdriana Marisel Zambrano\u201d, de\u00a0<a href=\"https:\/\/twitter.com\/Casadelencuentr\">La Casa del Encuentro<\/a> public\u00f3 un nuevo informe que mostr\u00f3 que en Argentina se registraron 167 femicidios en los primeros seis meses del a\u00f1o.<\/p>\n<p>\u201cDesde el 1 de enero al 30 de junio de 2023, hubo 151 femicidios, 2 trans\/travesticidios y 14 femicidios vinculados de varones\u201d, indic\u00f3 el informe del Observatorio de Femicidios \u201cAdriana Marisel Zambrano\u201d difundido este lunes por la ma\u00f1ana.<\/p>\n<p>\u201cDetr\u00e1s de cada v\u00edctima queda una familia devastada e hijos e hijas sin su madre\u201d, reflexion\u00f3 la organizaci\u00f3n.<\/p>\n<p>La organizaci\u00f3n a la vez aclar\u00f3 que \u201cno son hechos aislados, son cr\u00edmenes que se pueden prevenir si se activan las pol\u00edticas de protecci\u00f3n hacia quienes est\u00e1n en situaci\u00f3n de violencia\u201d.\u00a0\u201cNo son n\u00fameros, detr\u00e1s de cada v\u00edctima queda una familia devastada e hijos e hijas sin su madre\u201d.<\/p>\n<p>De acuerdo al informe, 30 v\u00edctimas hab\u00edan realizado denuncia y 12 femicidas ten\u00edan dictada medida cautelar de prevenci\u00f3n. Nueve agresores formaban (o formaron) parte de una fuerza de seguridad, se cree que una de las mujeres asesinada formaba parte de una red de trata o prostituci\u00f3n,\u00a0cuatro v\u00edctimas estaban embarazas (una de ellas es Tamara Cortez, asesinada en Lan\u00fas).<\/p>\n<p>Por otro lado, 11 v\u00edctimas ten\u00edan indicio de abuso sexual, dos eran mujer trans y nueve v\u00edctimas eran migrantes.<\/p>\n<p>El relevamiento detall\u00f3 que 15 femicidios ocurrieron en contexto de narcocriminalidad, 14 hechos son vinculados de varones adultos y ni\u00f1os, mientras que 25 femicidas se suicidaron tras asesinar a la v\u00edctima.<\/p>\n<p>En ese marco, La Casa del Encuentro renuev\u00f3 el reclamo a la Justicia y al Estado. \u201cHasta que logremos el cambio sociocultural para erradicar la violencia de g\u00e9nero nos preguntamos: \u00bfQui\u00e9n las protege? \u00bfEl Ministerio de las Mujeres, el Poder Judicial, el Ministerio de Seguridad? No tenemos respuesta\u201d, cuestion\u00f3. (VW)<\/p>\n<p>\u201cTransitar un a\u00f1o de decisiones electorales nos compromete a buscar en cada propuesta pol\u00edtica la perspectiva de g\u00e9nero y las medidas que tiendan, tanto a disminuir como a proteger a personas v\u00edctimas de violencia sexista y a trabajar en la prevenci\u00f3n de la misma\u201d, advierte la organizaci\u00f3n, que aclara que \u201cno se puede prevenir de lo que no se habla\u201d.<\/p>\n<p>En ese marco, reclama \u201cun Estado que implemente y ejecute pol\u00edticas p\u00fablicas federales\u201d porque \u201cel abordaje de esta problem\u00e1tica es un tema de Derechos Humanos no de Inseguridad\u201d. <strong>(VW)<\/strong><\/p>\n","protected":false},"excerpt":{"rendered":"<p>Desde el Observatorio de La Casa del Encuentro destacaron que \u201cson cr\u00edmenes que se pueden prevenir si se activan las pol\u00edticas de protecci\u00f3n hacia quienes est\u00e1n en situaci\u00f3n de violencia\u201d.<\/p>\n","protected":false},"author":4,"featured_media":11090,"comment_status":"closed","ping_status":"closed","sticky":false,"template":"","format":"standard","meta":{"_monsterinsights_skip_tracking":false,"_monsterinsights_sitenote_active":false,"_monsterinsights_sitenote_note":"","_monsterinsights_sitenote_category":0,"footnotes":""},"categories":[5],"tags":[411,122,4610,2424],"class_list":["post-11089","post","type-post","status-publish","format-standard","has-post-thumbnail","hentry","category-sociedad","tag-femicidios","tag-informe","tag-la-casa-del-encuentro","tag-violencia-de-genero"],"_links":{"self":[{"href":"https:\/\/www.visionweb.com.ar\/index.php?rest_route=\/wp\/v2\/posts\/11089","targetHints":{"allow":["GET"]}}],"collection":[{"href":"https:\/\/www.visionweb.com.ar\/index.php?rest_route=\/wp\/v2\/posts"}],"about":[{"href":"https:\/\/www.visionweb.com.ar\/index.php?rest_route=\/wp\/v2\/types\/post"}],"author":[{"embeddable":true,"href":"https:\/\/www.visionweb.com.ar\/index.php?rest_route=\/wp\/v2\/users\/4"}],"replies":[{"embeddable":true,"href":"https:\/\/www.visionweb.com.ar\/index.php?rest_route=%2Fwp%2Fv2%2Fcomments&post=11089"}],"version-history":[{"count":1,"href":"https:\/\/www.visionweb.com.ar\/index.php?rest_route=\/wp\/v2\/posts\/11089\/revisions"}],"predecessor-version":[{"id":11091,"href":"https:\/\/www.visionweb.com.ar\/index.php?rest_route=\/wp\/v2\/posts\/11089\/revisions\/11091"}],"wp:featuredmedia":[{"embeddable":true,"href":"https:\/\/www.visionweb.com.ar\/index.php?rest_route=\/wp\/v2\/media\/11090"}],"wp:attachment":[{"href":"https:\/\/www.visionweb.com.ar\/index.php?rest_route=%2Fwp%2Fv2%2Fmedia&parent=11089"}],"wp:term":[{"taxonomy":"category","embeddable":true,"href":"https:\/\/www.visionweb.com.ar\/index.php?rest_route=%2Fwp%2Fv2%2Fcategories&post=11089"},{"taxonomy":"post_tag","embeddable":true,"href":"https:\/\/www.visionweb.com.ar\/index.php?rest_route=%2Fwp%2Fv2%2Ftags&post=11089"}],"curies":[{"name":"wp","href":"https:\/\/api.w.org\/{rel}","templated":true}]}}