{"id":11086,"date":"2023-07-03T11:01:08","date_gmt":"2023-07-03T14:01:08","guid":{"rendered":"https:\/\/www.visionweb.com.ar\/?p=11086"},"modified":"2023-07-03T11:01:08","modified_gmt":"2023-07-03T14:01:08","slug":"creditos-para-comercios-la-provincia-lanzo-un-programa-de-hasta-3-millones","status":"publish","type":"post","link":"https:\/\/www.visionweb.com.ar\/?p=11086","title":{"rendered":"Cr\u00e9ditos para comercios: La Provincia lanz\u00f3 un programa de hasta $3 millones"},"content":{"rendered":"<p><em><strong>Se trata del programa Cr\u00e9dito Impulso al Comercio Bonaerense, a trav\u00e9s de Banco Provincia. Es para pymes comerciales y deber\u00e1n ser cancelados en un plazo \u00fanico de 12 meses.<\/strong><\/em><!--more--><\/p>\n<p><img loading=\"lazy\" decoding=\"async\" class=\"size-medium wp-image-11087 alignright\" src=\"https:\/\/www.visionweb.com.ar\/wp-content\/uploads\/2023\/07\/creditos-300x188.png\" alt=\"\" width=\"300\" height=\"188\" srcset=\"https:\/\/www.visionweb.com.ar\/wp-content\/uploads\/2023\/07\/creditos-300x188.png 300w, https:\/\/www.visionweb.com.ar\/wp-content\/uploads\/2023\/07\/creditos-320x202.png 320w, https:\/\/www.visionweb.com.ar\/wp-content\/uploads\/2023\/07\/creditos.png 323w\" sizes=\"auto, (max-width: 300px) 100vw, 300px\" \/>\u00a0\u00a0 <strong>E<\/strong>l <strong>Ministerio de Producci\u00f3n, Ciencia e Innovaci\u00f3n Tecnol\u00f3gica<\/strong> de la provincia de Buenos Aires junto al\u00a0<strong>Banco Provincia<\/strong>\u00a0lanzaron el nuevo programa de<strong>\u00a0\u201cCr\u00e9dito Impulso al Comercio Bonaerense\u201d<\/strong>, destinado a micro, peque\u00f1as y medianas empresas comerciales que quieran adquirir bienes de fabricaci\u00f3n nacional.<\/p>\n<p>A trav\u00e9s de esta nueva l\u00ednea de financiamiento, la banca p\u00fablica bonaerense otorgar\u00e1\u00a0<strong>pr\u00e9stamos de hasta 3 millones de pesos<\/strong>, con tasa subsidiada por la cartera productiva provincial, que se podr\u00e1n cancelar en un plazo \u00fanico de 12 meses, con 3 de gracia para el pago del capital.<\/p>\n<p>A la vez, cabe mencionar que los <strong>fondos deber\u00e1n ser destinados a la adquisici\u00f3n de productos finales de fabricaci\u00f3n nacional<\/strong>, excepto alimentos, bebidas, combustibles, neum\u00e1ticos y art\u00edculos de l\u00ednea blanca importados.\u00a0<strong>El dinero tampoco podr\u00e1 ser utilizado para el pago de sueldos, deudas impositivas, financieras o servicios en general.<\/strong><\/p>\n<p>El programa Cr\u00e9dito Impulso al Comercio Bonaerense, est\u00e1 dirigido a las micro, peque\u00f1as y medianas empresas comerciales radicadas en los 135 municipios bonaerenses, y fue presentado el pasado viernes en Lomas de Zamora por el ministro de Producci\u00f3n, Ciencia e Innovaci\u00f3n Tecnol\u00f3gica provincial,\u00a0<strong>Augusto Costa<\/strong>, y el titular de Banco Provincia,\u00a0<strong>Juan Cuattromo<\/strong>, acompa\u00f1ados por la intendenta\u00a0<strong>Marina Lesci<\/strong>, el presidente de la C\u00e1mara de Diputados de la provincia de Buenos Aires,\u00a0<strong>Federico Oterm\u00edn<\/strong>, y el titular de la Federaci\u00f3n Econ\u00f3mica de Buenos Aires (FEBA),\u00a0<strong>Camilo Kahale<\/strong>.<\/p>\n<p>\u201cEstos cr\u00e9ditos son una herramienta muy importante, que viene a dar soluci\u00f3n concreta a problemas diarios de las pymes\u201d, subray\u00f3 el ministro Augusto Costa.<\/p>\n<p>Y agreg\u00f3: \u201c<strong>Estamos poniendo una vez m\u00e1s los instrumentos de la Provincia al servicio de las unidades productivas y haciendo que las pol\u00edticas p\u00fablicas lleguen a un mayor n\u00famero de comerciantes bonaerenses<\/strong>\u201d.<\/p>\n<p>Por su parte, Juan Cuattromo enfatiz\u00f3: \u00abEsta l\u00ednea de cr\u00e9ditos con tasas subsidiadas viene a complementar lo que venimos haciendo con las promociones de Cuenta DNI, que es apoyar a los comercios de barrio para que puedan crecer con sus ventas y desarrollar su negocio\u00bb.<\/p>\n<p>El presidente de Banco Provincia detall\u00f3: \u201cAntes de ser Gobernador, cuando Axel Kicillof recorr\u00eda la provincia, las y los comerciantes le ped\u00edan que no se olvidara de ellos y encontrara la manera de ayudarlos a ofrecer beneficios como los que ofrec\u00edan los comercios de grandes superficies. En estos tres a\u00f1os y medio, las pymes y los comercios de barrio fueron una prioridad para la banca p\u00fablica bonaerense\u00bb. <strong>(VW)<\/strong><\/p>\n","protected":false},"excerpt":{"rendered":"<p>Se trata del programa Cr\u00e9dito Impulso al Comercio Bonaerense, a trav\u00e9s de Banco Provincia. Es para pymes comerciales y deber\u00e1n ser cancelados en un plazo \u00fanico de 12 meses.<\/p>\n","protected":false},"author":4,"featured_media":11087,"comment_status":"closed","ping_status":"closed","sticky":false,"template":"","format":"standard","meta":{"_monsterinsights_skip_tracking":false,"_monsterinsights_sitenote_active":false,"_monsterinsights_sitenote_note":"","_monsterinsights_sitenote_category":0,"footnotes":""},"categories":[6,5],"tags":[2482,4608,4609,356],"class_list":["post-11086","post","type-post","status-publish","format-standard","has-post-thumbnail","hentry","category-economia","category-sociedad","tag-banco-provincia","tag-creditos-a-pymes","tag-impulso-al-comercio-bonaerense","tag-provincia"],"_links":{"self":[{"href":"https:\/\/www.visionweb.com.ar\/index.php?rest_route=\/wp\/v2\/posts\/11086","targetHints":{"allow":["GET"]}}],"collection":[{"href":"https:\/\/www.visionweb.com.ar\/index.php?rest_route=\/wp\/v2\/posts"}],"about":[{"href":"https:\/\/www.visionweb.com.ar\/index.php?rest_route=\/wp\/v2\/types\/post"}],"author":[{"embeddable":true,"href":"https:\/\/www.visionweb.com.ar\/index.php?rest_route=\/wp\/v2\/users\/4"}],"replies":[{"embeddable":true,"href":"https:\/\/www.visionweb.com.ar\/index.php?rest_route=%2Fwp%2Fv2%2Fcomments&post=11086"}],"version-history":[{"count":1,"href":"https:\/\/www.visionweb.com.ar\/index.php?rest_route=\/wp\/v2\/posts\/11086\/revisions"}],"predecessor-version":[{"id":11088,"href":"https:\/\/www.visionweb.com.ar\/index.php?rest_route=\/wp\/v2\/posts\/11086\/revisions\/11088"}],"wp:featuredmedia":[{"embeddable":true,"href":"https:\/\/www.visionweb.com.ar\/index.php?rest_route=\/wp\/v2\/media\/11087"}],"wp:attachment":[{"href":"https:\/\/www.visionweb.com.ar\/index.php?rest_route=%2Fwp%2Fv2%2Fmedia&parent=11086"}],"wp:term":[{"taxonomy":"category","embeddable":true,"href":"https:\/\/www.visionweb.com.ar\/index.php?rest_route=%2Fwp%2Fv2%2Fcategories&post=11086"},{"taxonomy":"post_tag","embeddable":true,"href":"https:\/\/www.visionweb.com.ar\/index.php?rest_route=%2Fwp%2Fv2%2Ftags&post=11086"}],"curies":[{"name":"wp","href":"https:\/\/api.w.org\/{rel}","templated":true}]}}