{"id":11063,"date":"2023-06-29T11:34:50","date_gmt":"2023-06-29T14:34:50","guid":{"rendered":"https:\/\/www.visionweb.com.ar\/?p=11063"},"modified":"2023-06-29T11:34:50","modified_gmt":"2023-06-29T14:34:50","slug":"abriran-un-ecoparque-en-quilmes-para-el-tratamiento-de-los-residuos-del-municipio","status":"publish","type":"post","link":"https:\/\/www.visionweb.com.ar\/?p=11063","title":{"rendered":"Abrir\u00e1n un EcoParque en Quilmes\u00a0 para el tratamiento de los residuos del municipio"},"content":{"rendered":"<p><em><strong>El complejo socioambiental estar\u00e1 emplazado en un predio de 15 hect\u00e1reas, y funcionar\u00e1 como planta de separaci\u00f3n, clasificaci\u00f3n y procesamiento de desechos.<\/strong><\/em><!--more--><\/p>\n<p><strong> <img loading=\"lazy\" decoding=\"async\" class=\"size-medium wp-image-11064 alignright\" src=\"https:\/\/www.visionweb.com.ar\/wp-content\/uploads\/2023\/06\/ecoparque-quilmes-300x184.png\" alt=\"\" width=\"300\" height=\"184\" srcset=\"https:\/\/www.visionweb.com.ar\/wp-content\/uploads\/2023\/06\/ecoparque-quilmes-300x184.png 300w, https:\/\/www.visionweb.com.ar\/wp-content\/uploads\/2023\/06\/ecoparque-quilmes.png 314w\" sizes=\"auto, (max-width: 300px) 100vw, 300px\" \/> E<\/strong>l Complejo Socioambiental EcoParque Quilmes se pondr\u00e1 en marcha entre julio y agosto pr\u00f3ximos, y funcionar\u00e1 como planta de separaci\u00f3n, clasificaci\u00f3n y tratamiento de residuos, y disminuir\u00e1 un 35% el volumen de basura que se env\u00eda al Ceamse.<\/p>\n<p>En ese sentido, el viceministro de Ambiente y Desarrollo Sostenible, Sergio Federovisky. Afirm\u00f3 que es \u00abun proyecto completamente novedoso con importancia para replicarlo en el futuro\u00bb.<\/p>\n<p>El proyecto, emplazado sobre un predio de 15 hect\u00e1reas ubicado en avenida Italia 487, fue posible gracias a la articulaci\u00f3n con el Ministerio de Ambiente y Desarrollo Sostenible y el financiamiento del Banco Interamericano de Desarrollo (BID).<\/p>\n<p>\u201cLo que va a haber aqu\u00ed es un proceso de selecci\u00f3n y separaci\u00f3n de los residuos domiciliarios de Quilmes en todas las corrientes como pl\u00e1sticos, papel, cart\u00f3n, vidrio, \u00e1ridos y compostaje, con la idea de que una vez atravesados todos los pasos de reciclaje y de recuperaci\u00f3n salga de aqu\u00ed \u00fanicamente aquello que es considerado rechazo, en direcci\u00f3n al Ceamse (Coordinaci\u00f3n Ecol\u00f3gica \u00c1rea Metropolitana Sociedad del Estado)\u201d, explic\u00f3 a Federovisky.<\/p>\n<p>Entre sus principales beneficios, \u00abel primero y fundamental es que Quilmes va a pasar de enterrar en el Ceamse pr\u00e1cticamente el 100% de los residuos que produce, a no m\u00e1s del 65-70%, va a haber una reducci\u00f3n inmediata del 35 y 30% de los residuos de la ciudad\u00bb, enumer\u00f3 el funcionario.<\/p>\n<p>Y continu\u00f3: \u201cEn segundo lugar, va a significar un ahorro important\u00edsimo en tiempo y dinero porque el 30% de los residuos no van a viajar los 100 kil\u00f3metros que en la actualidad viajan a Ceamse\u00bb.<\/p>\n<p>De esta forma, los camiones del municipio que se utilizan para trasladar los residuos al Ceamse podr\u00e1n disponerse para \u00abmejorar notablemente la recolecci\u00f3n dentro del municipio\u00bb, a\u00f1adi\u00f3 el funcionario.<\/p>\n<p>Con este proyecto se permitir\u00e1 ampliar la recolecci\u00f3n a m\u00e1s de 650 toneladas por d\u00eda, y se contribuir\u00e1 a la erradicaci\u00f3n de microbasurales, a la limpieza estructural de los arroyos y a reducir en un 83% los kil\u00f3metros recorridos al Ceamse por a\u00f1o, indic\u00f3 la cartera de ambiente.<\/p>\n<p>\u201cEsta planta nos va a dar la idea del funcionamiento de estos sistemas en el conurbano para poder avanzar en direcci\u00f3n a que todos los municipios o buena parte de ellos tengan sistemas similares\u201d.<\/p>\n<p>Ubicado en la zona sur del conurbano bonaerense, el Municipio de Quilmes es el cuarto m\u00e1s poblado del Gran Buenos Aires con m\u00e1s 636.000 habitantes que generan 466 toneladas de residuos por d\u00eda. (Con informaci\u00f3n de T\u00e9lam). <strong>(VW)<\/strong><\/p>\n","protected":false},"excerpt":{"rendered":"<p>El complejo socioambiental estar\u00e1 emplazado en un predio de 15 hect\u00e1reas, y funcionar\u00e1 como planta de separaci\u00f3n, clasificaci\u00f3n y procesamiento de desechos.<\/p>\n","protected":false},"author":4,"featured_media":11064,"comment_status":"closed","ping_status":"closed","sticky":false,"template":"","format":"standard","meta":{"_monsterinsights_skip_tracking":false,"_monsterinsights_sitenote_active":false,"_monsterinsights_sitenote_note":"","_monsterinsights_sitenote_category":0,"footnotes":""},"categories":[8],"tags":[4595,4597,4598,4596],"class_list":["post-11063","post","type-post","status-publish","format-standard","has-post-thumbnail","hentry","category-interes-general","tag-ecoparque-quilmes","tag-federovisky","tag-medioambiente","tag-tratamiento-de-residuos"],"_links":{"self":[{"href":"https:\/\/www.visionweb.com.ar\/index.php?rest_route=\/wp\/v2\/posts\/11063","targetHints":{"allow":["GET"]}}],"collection":[{"href":"https:\/\/www.visionweb.com.ar\/index.php?rest_route=\/wp\/v2\/posts"}],"about":[{"href":"https:\/\/www.visionweb.com.ar\/index.php?rest_route=\/wp\/v2\/types\/post"}],"author":[{"embeddable":true,"href":"https:\/\/www.visionweb.com.ar\/index.php?rest_route=\/wp\/v2\/users\/4"}],"replies":[{"embeddable":true,"href":"https:\/\/www.visionweb.com.ar\/index.php?rest_route=%2Fwp%2Fv2%2Fcomments&post=11063"}],"version-history":[{"count":1,"href":"https:\/\/www.visionweb.com.ar\/index.php?rest_route=\/wp\/v2\/posts\/11063\/revisions"}],"predecessor-version":[{"id":11065,"href":"https:\/\/www.visionweb.com.ar\/index.php?rest_route=\/wp\/v2\/posts\/11063\/revisions\/11065"}],"wp:featuredmedia":[{"embeddable":true,"href":"https:\/\/www.visionweb.com.ar\/index.php?rest_route=\/wp\/v2\/media\/11064"}],"wp:attachment":[{"href":"https:\/\/www.visionweb.com.ar\/index.php?rest_route=%2Fwp%2Fv2%2Fmedia&parent=11063"}],"wp:term":[{"taxonomy":"category","embeddable":true,"href":"https:\/\/www.visionweb.com.ar\/index.php?rest_route=%2Fwp%2Fv2%2Fcategories&post=11063"},{"taxonomy":"post_tag","embeddable":true,"href":"https:\/\/www.visionweb.com.ar\/index.php?rest_route=%2Fwp%2Fv2%2Ftags&post=11063"}],"curies":[{"name":"wp","href":"https:\/\/api.w.org\/{rel}","templated":true}]}}