{"id":11060,"date":"2023-06-29T10:54:14","date_gmt":"2023-06-29T13:54:14","guid":{"rendered":"https:\/\/www.visionweb.com.ar\/?p=11060"},"modified":"2023-06-29T10:54:14","modified_gmt":"2023-06-29T13:54:14","slug":"cruce-entre-larreta-y-bullrich","status":"publish","type":"post","link":"https:\/\/www.visionweb.com.ar\/?p=11060","title":{"rendered":"Cruce entre Larreta y Bullrich"},"content":{"rendered":"<p><em><strong>El cruce entre los precandidatos a competir en octubre por la Casa Rosada vuelve a recalentar la interna en el partido amarillo y en la coalici\u00f3n.<\/strong><\/em><!--more--><\/p>\n<p><strong><img loading=\"lazy\" decoding=\"async\" class=\"size-medium wp-image-11061 alignright\" src=\"https:\/\/www.visionweb.com.ar\/wp-content\/uploads\/2023\/06\/BULLRICH-LARRETA-300x169.png\" alt=\"\" width=\"300\" height=\"169\" srcset=\"https:\/\/www.visionweb.com.ar\/wp-content\/uploads\/2023\/06\/BULLRICH-LARRETA-300x169.png 300w, https:\/\/www.visionweb.com.ar\/wp-content\/uploads\/2023\/06\/BULLRICH-LARRETA.png 640w\" sizes=\"auto, (max-width: 300px) 100vw, 300px\" \/>E<\/strong>l jefe de Gobierno porte\u00f1o y precandidato presidencial de Juntos por el Cambio (JxC), Horacio Rodr\u00edguez Larreta, afirm\u00f3 que el modelo que pretende aplicar su competidora en la interna del espacio, Patricia Bullrich, ya lo intent\u00f3 el ex presidente Mauricio Macri y \u201cfracas\u00f3\u201d. La ex ministra lo tild\u00f3 de \u201coportunista\u201d.<\/p>\n<p>\u201cEl modelo de Patricia Bullrich es como el de Macri y fracas\u00f3\u201d, resalt\u00f3 Rodr\u00edguez Larreta en declaraciones radiales. En ese sentido, argument\u00f3: \u201cLos dos somos parte de JxC, por eso tenemos una visi\u00f3n com\u00fan de hacia d\u00f3nde debe ir la Argentina. Ahora, diferimos en el c\u00f3mo y eso hace toda la diferencia\u201d.<\/p>\n<p>\u201cEl c\u00f3mo es la diferencia entre lograrlo o no\u201d, subray\u00f3 el mandatario porte\u00f1o en clara diferenciaci\u00f3n a su contrincante en las primarias de JxC, que ser\u00e1n el pr\u00f3ximo 13 de agosto. \u201cPatricia propone, desde el mensaje fuerte, expresar la voluntad, \u2018que vamos a\u2019 y as\u00ed no funcion\u00f3\u201d, explic\u00f3.<\/p>\n<p>\u201cEs la historia de la Argentina, llevamos 100 a\u00f1os de antinomias, peleas, de que \u2018el que no piensa como yo es el enemigo, y hay que matarlo\u2019; que todo lo que diga el adversario pol\u00edtico est\u00e1 mal; que el gobierno nuevo tiene que empezar de cero. Ese modelo fracas\u00f3, mir\u00e1 como estamos hoy, siguiendo ese modelo\u201d, sentenci\u00f3 Rodr\u00edguez Larreta.<\/p>\n<p><strong>La respuesta Bullrich<\/strong><\/p>\n<p>Por su parte, Bullrich le respondi\u00f3 en duros t\u00e9rminos: \u201cHay l\u00edmites en una campa\u00f1a. Es un ventajero total, no puede decir algo as\u00ed de quien fue su jefe pol\u00edtico durante tanto tiempo. Me parece muy deleznable\u201d.<\/p>\n<p>Adem\u00e1s, la titular del PRO en uso de licencia lo calific\u00f3 de \u201coportunista\u201d y agreg\u00f3: \u201cHabla de las diferencias que tenemos, de la velocidad en que har\u00edamos los cambios\u2026 es todo muy oportunista lo que dice\u201d.<\/p>\n<p>El cruce entre los precandidatos a competir en octubre por la Casa Rosada vuelve a recalentar la interna en el partido amarillo y en la coalici\u00f3n, que hace tres semanas ardi\u00f3 despu\u00e9s del intento de Rodr\u00edguez Larreta y aliados por crear un \u201cfrente de frentes\u201d con el gobernador de C\u00f3rdoba y precandidato presidencial, Juan Schiaretti.\u00a0<strong>(VW)<\/strong>.<\/p>\n<p>&nbsp;<\/p>\n","protected":false},"excerpt":{"rendered":"<p>El cruce entre los precandidatos a competir en octubre por la Casa Rosada vuelve a recalentar la interna en el partido amarillo y en la coalici\u00f3n.<\/p>\n","protected":false},"author":3,"featured_media":11061,"comment_status":"closed","ping_status":"closed","sticky":false,"template":"","format":"standard","meta":{"_monsterinsights_skip_tracking":false,"_monsterinsights_sitenote_active":false,"_monsterinsights_sitenote_note":"","_monsterinsights_sitenote_category":0,"footnotes":""},"categories":[4],"tags":[504,4594,445,184],"class_list":["post-11060","post","type-post","status-publish","format-standard","has-post-thumbnail","hentry","category-politica","tag-bullrich","tag-cruces","tag-gobierno","tag-larreta"],"_links":{"self":[{"href":"https:\/\/www.visionweb.com.ar\/index.php?rest_route=\/wp\/v2\/posts\/11060","targetHints":{"allow":["GET"]}}],"collection":[{"href":"https:\/\/www.visionweb.com.ar\/index.php?rest_route=\/wp\/v2\/posts"}],"about":[{"href":"https:\/\/www.visionweb.com.ar\/index.php?rest_route=\/wp\/v2\/types\/post"}],"author":[{"embeddable":true,"href":"https:\/\/www.visionweb.com.ar\/index.php?rest_route=\/wp\/v2\/users\/3"}],"replies":[{"embeddable":true,"href":"https:\/\/www.visionweb.com.ar\/index.php?rest_route=%2Fwp%2Fv2%2Fcomments&post=11060"}],"version-history":[{"count":1,"href":"https:\/\/www.visionweb.com.ar\/index.php?rest_route=\/wp\/v2\/posts\/11060\/revisions"}],"predecessor-version":[{"id":11062,"href":"https:\/\/www.visionweb.com.ar\/index.php?rest_route=\/wp\/v2\/posts\/11060\/revisions\/11062"}],"wp:featuredmedia":[{"embeddable":true,"href":"https:\/\/www.visionweb.com.ar\/index.php?rest_route=\/wp\/v2\/media\/11061"}],"wp:attachment":[{"href":"https:\/\/www.visionweb.com.ar\/index.php?rest_route=%2Fwp%2Fv2%2Fmedia&parent=11060"}],"wp:term":[{"taxonomy":"category","embeddable":true,"href":"https:\/\/www.visionweb.com.ar\/index.php?rest_route=%2Fwp%2Fv2%2Fcategories&post=11060"},{"taxonomy":"post_tag","embeddable":true,"href":"https:\/\/www.visionweb.com.ar\/index.php?rest_route=%2Fwp%2Fv2%2Ftags&post=11060"}],"curies":[{"name":"wp","href":"https:\/\/api.w.org\/{rel}","templated":true}]}}