{"id":11044,"date":"2023-06-26T16:39:10","date_gmt":"2023-06-26T19:39:10","guid":{"rendered":"https:\/\/www.visionweb.com.ar\/?p=11044"},"modified":"2023-06-26T16:39:10","modified_gmt":"2023-06-26T19:39:10","slug":"este-martes-no-habra-clases","status":"publish","type":"post","link":"https:\/\/www.visionweb.com.ar\/?p=11044","title":{"rendered":"Este martes no habr\u00e1 clases"},"content":{"rendered":"<p><em><strong>En el \u00abD\u00eda del trabajado estatal\u00bb, ATE convoc\u00f3 a un paro de auxiliares. YO PARO\u201d dice el anuncio con el que ATE resolvi\u00f3 ir en contra de la decisi\u00f3n de las autoridades educativas bonaerenses.<\/strong><\/em><!--more--><\/p>\n<p><strong><img loading=\"lazy\" decoding=\"async\" class=\"size-medium wp-image-11045 alignright\" src=\"https:\/\/www.visionweb.com.ar\/wp-content\/uploads\/2023\/06\/AUXILIARES-DE-LA-EDUCACION-300x252.png\" alt=\"\" width=\"300\" height=\"252\" srcset=\"https:\/\/www.visionweb.com.ar\/wp-content\/uploads\/2023\/06\/AUXILIARES-DE-LA-EDUCACION-300x252.png 300w, https:\/\/www.visionweb.com.ar\/wp-content\/uploads\/2023\/06\/AUXILIARES-DE-LA-EDUCACION.png 572w\" sizes=\"auto, (max-width: 300px) 100vw, 300px\" \/>L<\/strong>a Asociaci\u00f3n de Trabajadores Estatales (ATE), bajo la consigna \u00abEste es mi d\u00eda\u00bb,\u00a0 convoc\u00f3 a un paro de auxiliares para este martes, cuando rige un asueto administrativo para el resto de los trabajadores nucleados en la Ley 10.430, y peligran las clases en las escuelas p\u00fablicas bonaerenses.<\/p>\n<p>\u201c27 de junio. Es mi d\u00eda. Es d\u00eda no laborable. YO PARO\u201d. As\u00ed dice el anuncio con el que ATE resolvi\u00f3 ir en contra de la decisi\u00f3n de las autoridades educativas bonaerenses y convoca a los auxiliares de las escuelas a no ir a trabajar el martes.<\/p>\n<p>Es que el gremio hab\u00eda reclamado al Gobierno de Axel Kicillof que no volviera a excluir a los auxiliares del D\u00eda del Trabajador Estatal que se celebra el 27 de junio. El a\u00f1o pasado, la Direcci\u00f3n General de Cultura y Educaci\u00f3n hab\u00eda emitido una resoluci\u00f3n firmada por Alberto Sileoni en la que exceptuaba del asueto a los auxiliares con el objetivo de que las escuelas permanecieran abiertas y no perder d\u00edas de clases.<\/p>\n<p>En aquella oportunidad, ATE convoc\u00f3 a un paro y, este a\u00f1o, ante la misma situaci\u00f3n, resolvi\u00f3 que avanzar\u00e1 con la misma medida de fuerza.<\/p>\n<p>La cartera que dirige Sileoni argument\u00f3 que el calendario escolar no incluye el asueto por el D\u00eda del Trabajador Estatal. Adem\u00e1s, reiter\u00f3 que \u201cexisten en dicho calendario fechas conmemorativas que reconocen el d\u00eda de feriado para los trabajadores de la educaci\u00f3n, que incluye al personal auxiliar\u201d. Finalmente, marca la necesidad de \u201cgarantizar la continuidad pedag\u00f3gica\u201d<strong>(VW)<\/strong>.<\/p>\n","protected":false},"excerpt":{"rendered":"<p>En el \u00abD\u00eda del trabajado estatal\u00bb, ATE convoc\u00f3 a un paro de auxiliares. YO PARO\u201d dice el anuncio con el que ATE resolvi\u00f3 ir en contra de la decisi\u00f3n de las autoridades educativas bonaerenses.<\/p>\n","protected":false},"author":3,"featured_media":11045,"comment_status":"closed","ping_status":"closed","sticky":false,"template":"","format":"standard","meta":{"_monsterinsights_skip_tracking":false,"_monsterinsights_sitenote_active":false,"_monsterinsights_sitenote_note":"","_monsterinsights_sitenote_category":0,"footnotes":""},"categories":[4],"tags":[],"class_list":["post-11044","post","type-post","status-publish","format-standard","has-post-thumbnail","hentry","category-politica"],"_links":{"self":[{"href":"https:\/\/www.visionweb.com.ar\/index.php?rest_route=\/wp\/v2\/posts\/11044","targetHints":{"allow":["GET"]}}],"collection":[{"href":"https:\/\/www.visionweb.com.ar\/index.php?rest_route=\/wp\/v2\/posts"}],"about":[{"href":"https:\/\/www.visionweb.com.ar\/index.php?rest_route=\/wp\/v2\/types\/post"}],"author":[{"embeddable":true,"href":"https:\/\/www.visionweb.com.ar\/index.php?rest_route=\/wp\/v2\/users\/3"}],"replies":[{"embeddable":true,"href":"https:\/\/www.visionweb.com.ar\/index.php?rest_route=%2Fwp%2Fv2%2Fcomments&post=11044"}],"version-history":[{"count":1,"href":"https:\/\/www.visionweb.com.ar\/index.php?rest_route=\/wp\/v2\/posts\/11044\/revisions"}],"predecessor-version":[{"id":11046,"href":"https:\/\/www.visionweb.com.ar\/index.php?rest_route=\/wp\/v2\/posts\/11044\/revisions\/11046"}],"wp:featuredmedia":[{"embeddable":true,"href":"https:\/\/www.visionweb.com.ar\/index.php?rest_route=\/wp\/v2\/media\/11045"}],"wp:attachment":[{"href":"https:\/\/www.visionweb.com.ar\/index.php?rest_route=%2Fwp%2Fv2%2Fmedia&parent=11044"}],"wp:term":[{"taxonomy":"category","embeddable":true,"href":"https:\/\/www.visionweb.com.ar\/index.php?rest_route=%2Fwp%2Fv2%2Fcategories&post=11044"},{"taxonomy":"post_tag","embeddable":true,"href":"https:\/\/www.visionweb.com.ar\/index.php?rest_route=%2Fwp%2Fv2%2Ftags&post=11044"}],"curies":[{"name":"wp","href":"https:\/\/api.w.org\/{rel}","templated":true}]}}