{"id":11041,"date":"2023-06-26T16:30:14","date_gmt":"2023-06-26T19:30:14","guid":{"rendered":"https:\/\/www.visionweb.com.ar\/?p=11041"},"modified":"2023-06-26T16:30:14","modified_gmt":"2023-06-26T19:30:14","slug":"kicillof-no-desdoblara-las-elecciones-bonaerenses","status":"publish","type":"post","link":"https:\/\/www.visionweb.com.ar\/?p=11041","title":{"rendered":"Kicillof no desdoblar\u00e1 las elecciones bonaerenses"},"content":{"rendered":"<p><strong><em>Ser\u00e1n en coincidencia con los comicios generales que se realizar\u00e1n el 22 de octubre para la elecci\u00f2n de presidente y vice presidente.<\/em><\/strong>\u00a0 <!--more--><\/p>\n<p><strong><img loading=\"lazy\" decoding=\"async\" class=\"size-medium wp-image-11042 alignright\" src=\"https:\/\/www.visionweb.com.ar\/wp-content\/uploads\/2023\/06\/ELECCIONES-BONAERENSES-300x170.png\" alt=\"\" width=\"300\" height=\"170\" srcset=\"https:\/\/www.visionweb.com.ar\/wp-content\/uploads\/2023\/06\/ELECCIONES-BONAERENSES-300x170.png 300w, https:\/\/www.visionweb.com.ar\/wp-content\/uploads\/2023\/06\/ELECCIONES-BONAERENSES.png 640w\" sizes=\"auto, (max-width: 300px) 100vw, 300px\" \/>E<\/strong>l gobernador bonaerense, Axel Kicillof finalmente no desdoblar\u00e1 las elecciones generales de la provincia y firmar\u00e1 el decreto de convocatoria a elecciones en el distrito para el domingo 22 de octubre, igual que los comicios nacionales.<\/p>\n<p>El s\u00e1bado el mandatario confirm\u00f3 que buscar\u00e1 su reelecci\u00f3n junto a la vicegobernadora Ver\u00f3nica Magario en la alianza oficialista Uni\u00f3n por la Patria (UxP).<\/p>\n<p>El anuncio se conoci\u00f3 a poco menos de 48 horas de la conformaci\u00f3n de las listas para las<strong>\u00a0PASO<\/strong>, donde<strong>\u00a0Kicillof<\/strong>\u00a0volver\u00e1 a conformar f\u00f3rmula con la actual vicegobernadora\u00a0<strong>Ver\u00f3nica Magario<\/strong><\/p>\n<p>El mandatario provincial esperaba la definici\u00f3n de la estrategia nacional de Uni\u00f3n por la Patria para evaluar los pasos a seguir.<\/p>\n<p>El decreto ser\u00e1 firmado entre hoy y ma\u00f1ana y publicado en el Bolet\u00edn Oficial, con lo que se descarta el desdoblamiento, una posibilidad con la que se hab\u00eda especulado cuando se fij\u00f3 la fecha para las PASO para el pr\u00f3ximo 13 de agosto, ya que en ese decreto no se hab\u00eda aclarado cu\u00e1ndo ser\u00edan las elecciones generales en el territorio bonaerense.<\/p>\n<p>Esta medida ser\u00e1 el primer movimiento electoral despu\u00e9s de haberse confirmado la f\u00f3rmula con Magario y de la difusi\u00f3n ayer del primer spot de campa\u00f1a en el que realiza un repaso de sus hitos de gesti\u00f3n con el slogan \u201cDerecho al futuro\u201d<strong>(VW)<\/strong>.<\/p>\n","protected":false},"excerpt":{"rendered":"<p>Ser\u00e1n en coincidencia con los comicios generales que se realizar\u00e1n el 22 de octubre para la elecci\u00f2n de presidente y vice presidente.\u00a0<\/p>\n","protected":false},"author":3,"featured_media":11042,"comment_status":"closed","ping_status":"closed","sticky":false,"template":"","format":"standard","meta":{"_monsterinsights_skip_tracking":false,"_monsterinsights_sitenote_active":false,"_monsterinsights_sitenote_note":"","_monsterinsights_sitenote_category":0,"footnotes":""},"categories":[4],"tags":[4588,511,340],"class_list":["post-11041","post","type-post","status-publish","format-standard","has-post-thumbnail","hentry","category-politica","tag-22-de-ocutubre","tag-bonaerense","tag-elecciones"],"_links":{"self":[{"href":"https:\/\/www.visionweb.com.ar\/index.php?rest_route=\/wp\/v2\/posts\/11041","targetHints":{"allow":["GET"]}}],"collection":[{"href":"https:\/\/www.visionweb.com.ar\/index.php?rest_route=\/wp\/v2\/posts"}],"about":[{"href":"https:\/\/www.visionweb.com.ar\/index.php?rest_route=\/wp\/v2\/types\/post"}],"author":[{"embeddable":true,"href":"https:\/\/www.visionweb.com.ar\/index.php?rest_route=\/wp\/v2\/users\/3"}],"replies":[{"embeddable":true,"href":"https:\/\/www.visionweb.com.ar\/index.php?rest_route=%2Fwp%2Fv2%2Fcomments&post=11041"}],"version-history":[{"count":1,"href":"https:\/\/www.visionweb.com.ar\/index.php?rest_route=\/wp\/v2\/posts\/11041\/revisions"}],"predecessor-version":[{"id":11043,"href":"https:\/\/www.visionweb.com.ar\/index.php?rest_route=\/wp\/v2\/posts\/11041\/revisions\/11043"}],"wp:featuredmedia":[{"embeddable":true,"href":"https:\/\/www.visionweb.com.ar\/index.php?rest_route=\/wp\/v2\/media\/11042"}],"wp:attachment":[{"href":"https:\/\/www.visionweb.com.ar\/index.php?rest_route=%2Fwp%2Fv2%2Fmedia&parent=11041"}],"wp:term":[{"taxonomy":"category","embeddable":true,"href":"https:\/\/www.visionweb.com.ar\/index.php?rest_route=%2Fwp%2Fv2%2Fcategories&post=11041"},{"taxonomy":"post_tag","embeddable":true,"href":"https:\/\/www.visionweb.com.ar\/index.php?rest_route=%2Fwp%2Fv2%2Ftags&post=11041"}],"curies":[{"name":"wp","href":"https:\/\/api.w.org\/{rel}","templated":true}]}}