{"id":11037,"date":"2023-06-25T08:21:54","date_gmt":"2023-06-25T11:21:54","guid":{"rendered":"https:\/\/www.visionweb.com.ar\/?p=11037"},"modified":"2023-06-25T21:02:12","modified_gmt":"2023-06-26T00:02:12","slug":"grindetti-firmo-rubrico-la-lista-para-su-pre-candidatura-a-gobernador","status":"publish","type":"post","link":"https:\/\/www.visionweb.com.ar\/?p=11037","title":{"rendered":"Grindetti firm\u00f3 rubric\u00f3 la lista para su pre candidatura a gobernador"},"content":{"rendered":"<p><em><strong>Responde a la l\u00ednea interna de JxC \u00abFuerza del cambio\u00bb. Tambi\u00e9n firmaron la lista los pre candidatos a Diputado Nacional, a Senador Provincial y a Diputados provinciales.\u00a0<\/strong><\/em> <!--more--><\/p>\n<p><strong>26E<\/strong>n La Plata, el jefe comunal lanusense, N\u00e9stor Grindetti,\u00a0 rubric\u00f3 este viernes la lista para su pre candidatura a gobernador por el espacio que lidera Patricia Bullrich.<\/p>\n<p>\u00abEl orgullo que siento por formar parte de este proyecto es tan inmenso como mi compromiso con la provincia que me vio nacer, crecer y formarme\u00bb, expres\u00f3 Grindetti en sus redes sociales.<\/p>\n<p>\u00abReci\u00e9n firm\u00e9 mi candidatura para gobernador de Buenos Aires.Inauguramos un nuevo cap\u00edtulo en la historia que hace tiempo empezamos a escribir con Patricia Bullrich. El orgullo que siento por formar parte de este proyecto es tan inmenso como mi compromiso con la provincia que me vio nacer, crecer y formarme\u00bb afirm\u00f3 Grindetti.<\/p>\n<p>Respecto de sus aspiraciones para los habitantes de la Provincia, el intendente de Lan\u00fas agreg\u00f3: \u00abEso mismo es lo que quiero para todos los bonaerenses, y para eso tenemos que recuperar el tiempo perdido. Vamos a recuperar nuestra tranquilidad, las oportunidades y nuestros sue\u00f1os. Vamos a demostrar que se puede vivir mejor, porque a este equipo le sobra la fuerza y el coraje.\u00bb<\/p>\n<p>Grindetti es actuario de profesi\u00f3n, fue director por la oposici\u00f3n en el Banco Ciudad, ministro de Hacienda del gobierno de Mauricio Macri durante sus dos periodos entre 2007 y 2015, en 2007 dio el batacazo y se convirti\u00f3 en intendente de Lanus, distrito gobernado hist\u00f3ricamente por el peronismo en el coraz\u00f3n de la Tercera Secci\u00f3n Electoral, en 2019 logro la reelecci\u00f3n ante un contexto adverso para todo Juntos por el Cambio.<\/p>\n<p><strong>El vicegobernador<\/strong><\/p>\n<p>Grindetti, estar\u00e1 acompa\u00f1ado en la f\u00f3rmula provincial por el actual intendente del municipio de Trenque Lauquen y presidente del Foro de intendentes radicales de la provincia de Buenos Aires, Miguel Fernandez. \u00ab\u00a1Una f\u00f3rmula 100% bonaerense, que conoce y siente la provincia!\u00bb, anunci\u00f3 Grindetti.<\/p>\n<p>\u00abMiguel es un dirigente de mucha experiencia del que tenemos mucho que aprender, por su templanza y liderazgo, gobierna un municipio productivo y pujante en el interior c\u00f3mo Trenque Lauquen\u00bb, a\u00f1adi\u00f3 el alcalde Lan\u00fas.<\/p>\n<p>Grindetti, agreg\u00f3 m\u00e1s adelante que: \u00abAmbos compartimos las ideas de mayor autonom\u00eda municipal y descentralizaci\u00f3n de pol\u00edticas hacia los distritos. Es otro bonaerense como yo, que conoce en profundidad el potencial productivo que tiene nuestra tierra, estoy seguro que juntos vamos a lograr llevar la fuerza del cambio a cada rinc\u00f3n de la provincia\u00bb.<\/p>\n<p>Miguel Fernandez es intendente de Trenque Lauquen desde diciembre del a\u00f1o 2015, es un municipio de m\u00e1s de 48 mil habitantes, ubicado en el noroeste de la provincia a 80 km de la provincia de La Pampa. Fern\u00e1ndez es m\u00e9dico de profesi\u00f3n y lidera el Foro de intendentes radicales de la provincia de Buenos Aires.<\/p>\n<p>La lista bonaerense \u00abFuerza de cambio\u00bb, qued\u00f3 conformada de la siguiente manera: Cristian Ritondo, renovar\u00e1 su mandato como Primer Diputado Nacional; Jorge Schiavone, actual presidente del Concejo Deliberante de Lan\u00fas, competir\u00e1 por la bancada de\u00a0 Primer Senador provincial por la Tercera Secci\u00f3n electoral; Mar\u00eda Alejandra Lorden, tambi\u00e9n por la misma agrupaci\u00f3n renovar\u00e1 su mandato como diputadas provincial, pero por la S\u00e9ptima Secci\u00f3n electoral<strong>(VW)<\/strong>.<\/p>\n","protected":false},"excerpt":{"rendered":"<p>Responde a la l\u00ednea interna de JxC \u00abFuerza del cambio\u00bb. Tambi\u00e9n firmaron la lista los pre candidatos a Diputado Nacional, a Senador Provincial y a Diputados provinciales.\u00a0<\/p>\n","protected":false},"author":3,"featured_media":11039,"comment_status":"closed","ping_status":"closed","sticky":false,"template":"","format":"standard","meta":{"_monsterinsights_skip_tracking":false,"_monsterinsights_sitenote_active":false,"_monsterinsights_sitenote_note":"","_monsterinsights_sitenote_category":0,"footnotes":""},"categories":[1],"tags":[143,587,1016,4587],"class_list":["post-11037","post","type-post","status-publish","format-standard","has-post-thumbnail","hentry","category-uncategorized","tag-diputados","tag-gobernador","tag-pre-candidatos","tag-senador-provincial"],"_links":{"self":[{"href":"https:\/\/www.visionweb.com.ar\/index.php?rest_route=\/wp\/v2\/posts\/11037","targetHints":{"allow":["GET"]}}],"collection":[{"href":"https:\/\/www.visionweb.com.ar\/index.php?rest_route=\/wp\/v2\/posts"}],"about":[{"href":"https:\/\/www.visionweb.com.ar\/index.php?rest_route=\/wp\/v2\/types\/post"}],"author":[{"embeddable":true,"href":"https:\/\/www.visionweb.com.ar\/index.php?rest_route=\/wp\/v2\/users\/3"}],"replies":[{"embeddable":true,"href":"https:\/\/www.visionweb.com.ar\/index.php?rest_route=%2Fwp%2Fv2%2Fcomments&post=11037"}],"version-history":[{"count":1,"href":"https:\/\/www.visionweb.com.ar\/index.php?rest_route=\/wp\/v2\/posts\/11037\/revisions"}],"predecessor-version":[{"id":11040,"href":"https:\/\/www.visionweb.com.ar\/index.php?rest_route=\/wp\/v2\/posts\/11037\/revisions\/11040"}],"wp:featuredmedia":[{"embeddable":true,"href":"https:\/\/www.visionweb.com.ar\/index.php?rest_route=\/wp\/v2\/media\/11039"}],"wp:attachment":[{"href":"https:\/\/www.visionweb.com.ar\/index.php?rest_route=%2Fwp%2Fv2%2Fmedia&parent=11037"}],"wp:term":[{"taxonomy":"category","embeddable":true,"href":"https:\/\/www.visionweb.com.ar\/index.php?rest_route=%2Fwp%2Fv2%2Fcategories&post=11037"},{"taxonomy":"post_tag","embeddable":true,"href":"https:\/\/www.visionweb.com.ar\/index.php?rest_route=%2Fwp%2Fv2%2Ftags&post=11037"}],"curies":[{"name":"wp","href":"https:\/\/api.w.org\/{rel}","templated":true}]}}