{"id":11035,"date":"2023-06-24T11:24:30","date_gmt":"2023-06-24T14:24:30","guid":{"rendered":"https:\/\/www.visionweb.com.ar\/?p=11035"},"modified":"2023-06-24T11:24:30","modified_gmt":"2023-06-24T14:24:30","slug":"el-oficialismo-sobre-el-vencimiento-de-los-plazos-armo-una-lista-de-unidad","status":"publish","type":"post","link":"https:\/\/www.visionweb.com.ar\/?p=11035","title":{"rendered":"El oficialismo sobre el vencimiento de los plazos arm\u00f3 una lista de Unidad"},"content":{"rendered":"<p><em><strong>Pese a que Eduardo \u00abWado\u00bbde Pedro hab\u00eda anunciado su pre candidatura a Presidente, prim\u00f3 la decisi\u00f3n de la principal referente del PJ, ahora Uni\u00f3n por la Patria, Cristina Fern\u00e1ndez\u00a0 de Kirchner y no habr\u00e1\u00a0 PASO.<\/strong><\/em><!--more--><\/p>\n<p><img loading=\"lazy\" decoding=\"async\" class=\"size-medium wp-image-6687 alignright\" src=\"https:\/\/www.visionweb.com.ar\/wp-content\/uploads\/2022\/08\/SERGIO-MASSA-300x169.png\" alt=\"\" width=\"300\" height=\"169\" srcset=\"https:\/\/www.visionweb.com.ar\/wp-content\/uploads\/2022\/08\/SERGIO-MASSA-300x169.png 300w, https:\/\/www.visionweb.com.ar\/wp-content\/uploads\/2022\/08\/SERGIO-MASSA.png 640w\" sizes=\"auto, (max-width: 300px) 100vw, 300px\" \/>La capacidad de asombro de los argentinos jam\u00e1s se agotar\u00e1, porque cada episodio que se produce nos deja boquiabierta, en pol\u00edtica o en econom\u00eda, que casi ya es lo mismo.<\/p>\n<p>Cuando todos daban por sentado que la formula oficialista quedar\u00eda conformada por De Pedro &#8211; Manz\u00far, al menos las se\u00f1ales as\u00ed lo indicaban, sumado a que\u00a0 el\u00a0 Ministro del Interior oficializ\u00f3 su candidatura a trav\u00e9s de las redes sociales: \u00abTenemos que volver a representar la grandeza de este pa\u00eds junto a todas las personas que comparten este sue\u00f1o. Soy\u00a0<strong>Wado de Pedro y quiero ser presidente de todas las familias argentinas<\/strong>\u00ab, dijo en el video que public\u00f3 en sus redes sociales. \u00ab<strong>Recuperemos la esperanza<\/strong>\u00a0y el orgullo de ser argentinos\u00bb, anhel\u00f3.<\/p>\n<p>Pero desde las huestes oficialista nadie hab\u00eda confirmado la especie, pero\u00a0 faltaba, adem\u00e1s, la palabra final y as\u00ed pas\u00f3, la f\u00f3rmula no ser\u00e1 no ser\u00e1 De Pedr\u00f3 Manzur, ser\u00e1 el tigrense Sergio Massa y el santafecino Agust\u00edn Rossi.<\/p>\n<p>Por lo tanto, de un plumazo se acabaron las aspiraciones del ex gobernador bonaerense, Daniel Scioli, quien hab\u00eda anunciado su\u00a0 pre candidatura en un acto en el Teatro ND, a lo largo de esta semana que termina.<\/p>\n<p>S\u00ed hacemos un an\u00e1lisis de las im\u00e1genes del acto del 25 de Mayo en la plaza de Mayo,cuando se conmemoraron los 30 a\u00f1os de la llegada a la presidencia de N\u00e9stor Kirchner,\u00a0 a la izquierda de la Vicepresidenta Cristima Fern\u00e1ndez de Kirchner estaban ubicados, en el centro de la escena Wado De Peedro, a su izquierda Sergio Massa, la derecha la Vicepresidenta y atr\u00e1s, su hijo M\u00e1ximo.<\/p>\n<p>La imagen daba toda la sensaci\u00f3n que la figura designada era la del Ministro del Interior, m\u00e1s cuando se hab\u00eda dicho en otro acto en el que\u00a0 la militancia clamada \u00a1Cristina presidenta!!!, se dijo hay que darle oportunidad a los \u00abhijos de la generaci\u00f3n diezmada\u00bb.<\/p>\n<p>Con la confirmaci\u00f3n de la pre candidatura de Sergio Massa para ocupar wl Sill\u00f3n de Rivadavia, quedo demostrado una vez m\u00e1s, que no siempre lo que se dice es verdad, s\u00ed se tiene en cuenta que el propio Ministro de Econom\u00eda hab\u00eda se\u00f1alado en reiteradas oportunidades que \u00abNo ser\u00e9 candidato a Presidente\u00bb, porque \u00abfui designado para el ministerio de Econom\u00eda\u00bb(VW).<\/p>\n<p>&nbsp;<\/p>\n<p>&nbsp;<\/p>\n","protected":false},"excerpt":{"rendered":"<p>Pese a que Eduardo \u00abWado\u00bbde Pedro hab\u00eda anunciado su pre candidatura a Presidente, prim\u00f3 la decisi\u00f3n de la principal referente del PJ, ahora Uni\u00f3n por la Patria, Cristina Fern\u00e1ndez\u00a0 de Kirchner y no habr\u00e1\u00a0&#46;&#46;&#46;<\/p>\n","protected":false},"author":3,"featured_media":6687,"comment_status":"closed","ping_status":"closed","sticky":false,"template":"","format":"standard","meta":{"_monsterinsights_skip_tracking":false,"_monsterinsights_sitenote_active":false,"_monsterinsights_sitenote_note":"","_monsterinsights_sitenote_category":0,"footnotes":""},"categories":[4],"tags":[1284,490,4585,4586],"class_list":["post-11035","post","type-post","status-publish","format-standard","has-post-thumbnail","hentry","category-politica","tag-lista","tag-pj","tag-unica","tag-up"],"_links":{"self":[{"href":"https:\/\/www.visionweb.com.ar\/index.php?rest_route=\/wp\/v2\/posts\/11035","targetHints":{"allow":["GET"]}}],"collection":[{"href":"https:\/\/www.visionweb.com.ar\/index.php?rest_route=\/wp\/v2\/posts"}],"about":[{"href":"https:\/\/www.visionweb.com.ar\/index.php?rest_route=\/wp\/v2\/types\/post"}],"author":[{"embeddable":true,"href":"https:\/\/www.visionweb.com.ar\/index.php?rest_route=\/wp\/v2\/users\/3"}],"replies":[{"embeddable":true,"href":"https:\/\/www.visionweb.com.ar\/index.php?rest_route=%2Fwp%2Fv2%2Fcomments&post=11035"}],"version-history":[{"count":1,"href":"https:\/\/www.visionweb.com.ar\/index.php?rest_route=\/wp\/v2\/posts\/11035\/revisions"}],"predecessor-version":[{"id":11036,"href":"https:\/\/www.visionweb.com.ar\/index.php?rest_route=\/wp\/v2\/posts\/11035\/revisions\/11036"}],"wp:featuredmedia":[{"embeddable":true,"href":"https:\/\/www.visionweb.com.ar\/index.php?rest_route=\/wp\/v2\/media\/6687"}],"wp:attachment":[{"href":"https:\/\/www.visionweb.com.ar\/index.php?rest_route=%2Fwp%2Fv2%2Fmedia&parent=11035"}],"wp:term":[{"taxonomy":"category","embeddable":true,"href":"https:\/\/www.visionweb.com.ar\/index.php?rest_route=%2Fwp%2Fv2%2Fcategories&post=11035"},{"taxonomy":"post_tag","embeddable":true,"href":"https:\/\/www.visionweb.com.ar\/index.php?rest_route=%2Fwp%2Fv2%2Ftags&post=11035"}],"curies":[{"name":"wp","href":"https:\/\/api.w.org\/{rel}","templated":true}]}}