{"id":11032,"date":"2023-06-23T17:28:35","date_gmt":"2023-06-23T20:28:35","guid":{"rendered":"https:\/\/www.visionweb.com.ar\/?p=11032"},"modified":"2023-06-23T17:28:35","modified_gmt":"2023-06-23T20:28:35","slug":"bullrich-presento-su-formula-presidencial-petri-sera-su-vice","status":"publish","type":"post","link":"https:\/\/www.visionweb.com.ar\/?p=11032","title":{"rendered":"Bullrich present\u00f3 su f\u00f3rmula presidencial, Petri ser\u00e1 su vice"},"content":{"rendered":"<p><em><strong>Por su parte el neurocient\u00edfico Facundo Manes con la consgna \u00abDar el paso\u00bb present\u00f3 tambi\u00e9n sus f\u00f3rmula.<\/strong><\/em>\u00a0\u00a0<!--more--><\/p>\n<div id=\"attachment_11033\" style=\"width: 310px\" class=\"wp-caption alignright\"><img loading=\"lazy\" decoding=\"async\" aria-describedby=\"caption-attachment-11033\" class=\"wp-image-11033 size-medium\" src=\"https:\/\/www.visionweb.com.ar\/wp-content\/uploads\/2023\/06\/BULLRICH-PETRI-300x135.png\" alt=\"\" width=\"300\" height=\"135\" srcset=\"https:\/\/www.visionweb.com.ar\/wp-content\/uploads\/2023\/06\/BULLRICH-PETRI-300x135.png 300w, https:\/\/www.visionweb.com.ar\/wp-content\/uploads\/2023\/06\/BULLRICH-PETRI.png 640w\" sizes=\"auto, (max-width: 300px) 100vw, 300px\" \/><p id=\"caption-attachment-11033\" class=\"wp-caption-text\"><strong><em>Patricia Bullrich y Luis Petri pre candidatos a presidente y vice por una de las l\u00edneas internas de Juntos por el Cambio (Foto: Captura de pantalla imagen TN) <\/em><\/strong><\/p><\/div>\n<p><strong>L<\/strong>a precandidata a la Presidencia por Juntos por el Cambio, Patricia Bullrich present\u00f3 en una reuni\u00f3n ante la prensa al\u00a0radical mendocino Luis Petri\u00a0como vicepresidente en su f\u00f3rmula.<\/p>\n<p>Dunrante la presentaci\u00f3n\u00a0<strong>Petri explic\u00f3 que \u201cArgentina necesita cambios muy profundos<\/strong>, y Patricia lo va a hacer. La Argentina no resiste m\u00e1s parches\u201d, sostuvo. Y agreg\u00f3: \u201cEstoy convencido de que Patricia es la mujer indicada para enfrentar los problemas que vienen\u201d.<\/p>\n<p>En este sentido, remarc\u00f3 que\u00a0<strong>\u201chay que proteger a las fuerzas de seguridad\u201d.<\/strong><\/p>\n<p>Luego tom\u00f3 el micr\u00f3fono Bullrich, quien remarc\u00f3: \u201cEs un desafi\u00f3 muy grande el de cambiar la Argentina.\u00a0<strong>Todos los argentinos saben que este un equipo que se va a jugar por la gente<\/strong>. No va a ser un cambio m\u00e1s. La Argentina no da m\u00e1s\u201d.<\/p>\n<p>Luego de Petri, tom\u00f3 el micr\u00f3fono Patricia Bullrich, quien se\u00f1al\u00f3: \u201cMuchas gracias a Petri por haber aceptado este desaf\u00edo.\u00a0<strong>Es un desaf\u00edo muy importante el de cambiar la Argentina<\/strong>\u201c.<\/p>\n<p>\u201cVamos a hacer\u00a0<strong>un cambio que no va a ser un cambio m\u00e1s ni va quedar a mitad de camino<\/strong>. No va a ser tibio, sino contundente y con decisi\u00f3n. La Argentina no da m\u00e1s\u201d, sum\u00f3.<\/p>\n<p><strong>La pata Radical<\/strong><\/p>\n<p>el diputado nacional Facundo Manes present\u00f3 su precandidatura presidencial bajo el paraguas de la lista \u201cDar el paso\u201d, y se transform\u00f3 as\u00ed en el \u00fanico candidato que competir\u00e1 en la interna de Juntos por el Cambio (JxC) por la Uni\u00f3n C\u00edvica Radical (UCR). As\u00ed lo confirmaron fuentes del entorno del neur\u00f3logo a la agencia Noticias Argentinas.<\/p>\n<p>Su decisi\u00f3n se enmarca luego de que el gobernador y titular del radicalismo, Gerardo Morales, resolviera ir de vicepresidente del jefe de Gobierno porte\u00f1o, Horacio Rodr\u00edguez Larreta, conformando as\u00ed f\u00f3rmulas cruzadas.<\/p>\n<p>A pesar de los rumores que aseguran que el legislador est\u00e1 abierto a negociar con Larreta, cerca de Manes precisan que no se baja y que cuenta con los avales y los candidatos en todo el pa\u00eds necesarios para oficializar sus aspiraciones presidenciales.<\/p>\n<p>Por otra parte, durante el lanzamiento de la f\u00f3rmula Rodr\u00edguez Larreta &#8211; Morales, el jefe de Gobierno porte\u00f1o hizo menci\u00f3n a la precandidatura de Manes y aunque admiti\u00f3 sus aspiraciones presidenciales, se mostr\u00f3 favorable a ampliar la coalici\u00f3n. \u201cHoy Facundo Manes es candidato a presidente, est\u00e1 en todo su derecho de avanzar y hacerlo. Somos todos parte\u201d\u00a0<strong>(VW)<\/strong><\/p>\n","protected":false},"excerpt":{"rendered":"<p>Por su parte el neurocient\u00edfico Facundo Manes con la consgna \u00abDar el paso\u00bb present\u00f3 tambi\u00e9n sus f\u00f3rmula.\u00a0\u00a0<\/p>\n","protected":false},"author":3,"featured_media":11033,"comment_status":"closed","ping_status":"closed","sticky":false,"template":"","format":"standard","meta":{"_monsterinsights_skip_tracking":false,"_monsterinsights_sitenote_active":false,"_monsterinsights_sitenote_note":"","_monsterinsights_sitenote_category":0,"footnotes":""},"categories":[4],"tags":[504,963,204,4584],"class_list":["post-11032","post","type-post","status-publish","format-standard","has-post-thumbnail","hentry","category-politica","tag-bullrich","tag-manes","tag-paso","tag-pre-candidaturas"],"_links":{"self":[{"href":"https:\/\/www.visionweb.com.ar\/index.php?rest_route=\/wp\/v2\/posts\/11032","targetHints":{"allow":["GET"]}}],"collection":[{"href":"https:\/\/www.visionweb.com.ar\/index.php?rest_route=\/wp\/v2\/posts"}],"about":[{"href":"https:\/\/www.visionweb.com.ar\/index.php?rest_route=\/wp\/v2\/types\/post"}],"author":[{"embeddable":true,"href":"https:\/\/www.visionweb.com.ar\/index.php?rest_route=\/wp\/v2\/users\/3"}],"replies":[{"embeddable":true,"href":"https:\/\/www.visionweb.com.ar\/index.php?rest_route=%2Fwp%2Fv2%2Fcomments&post=11032"}],"version-history":[{"count":1,"href":"https:\/\/www.visionweb.com.ar\/index.php?rest_route=\/wp\/v2\/posts\/11032\/revisions"}],"predecessor-version":[{"id":11034,"href":"https:\/\/www.visionweb.com.ar\/index.php?rest_route=\/wp\/v2\/posts\/11032\/revisions\/11034"}],"wp:featuredmedia":[{"embeddable":true,"href":"https:\/\/www.visionweb.com.ar\/index.php?rest_route=\/wp\/v2\/media\/11033"}],"wp:attachment":[{"href":"https:\/\/www.visionweb.com.ar\/index.php?rest_route=%2Fwp%2Fv2%2Fmedia&parent=11032"}],"wp:term":[{"taxonomy":"category","embeddable":true,"href":"https:\/\/www.visionweb.com.ar\/index.php?rest_route=%2Fwp%2Fv2%2Fcategories&post=11032"},{"taxonomy":"post_tag","embeddable":true,"href":"https:\/\/www.visionweb.com.ar\/index.php?rest_route=%2Fwp%2Fv2%2Ftags&post=11032"}],"curies":[{"name":"wp","href":"https:\/\/api.w.org\/{rel}","templated":true}]}}