{"id":11028,"date":"2023-06-23T12:02:38","date_gmt":"2023-06-23T15:02:38","guid":{"rendered":"https:\/\/www.visionweb.com.ar\/?p=11028"},"modified":"2023-06-23T12:02:38","modified_gmt":"2023-06-23T15:02:38","slug":"desempleo-a-fines-de-marzo-hubo-156-millones-de-argentinos-sin-trabajo","status":"publish","type":"post","link":"https:\/\/www.visionweb.com.ar\/?p=11028","title":{"rendered":"Desempleo: A fines de marzo hubo 1,56 millones de argentinos sin trabajo"},"content":{"rendered":"<p><em><strong>El dato que publica el Indec indica que en los primeros tres meses de 2023 el desempleo sum\u00f3 a 170.000 personas m\u00e1s que los que hab\u00eda en diciembre.<\/strong><\/em><!--more--><\/p>\n<p><img loading=\"lazy\" decoding=\"async\" class=\"size-full wp-image-11029 alignright\" src=\"https:\/\/www.visionweb.com.ar\/wp-content\/uploads\/2023\/06\/desempleo.png\" alt=\"\" width=\"285\" height=\"266\" \/>\u00a0\u00a0 <strong>E<\/strong>l Instituto Nacional de Estad\u00edsticas y Censos (INDEC) public\u00f3 el nuevo relevamiento del mercado de trabajo \u00a0donde los datos dicen que el desempleo afect\u00f3 a 900.000 personas, seg\u00fan relev\u00f3 en un grupo de 31 aglomerados urbanos.<\/p>\n<p>A la vez, ese dato proyectado sobre el total de la poblaci\u00f3n econ\u00f3micamente activa,\u00a0<strong>se observ\u00f3 que 1,56 millones de argentinos no ten\u00eda trabajo a fines de marzo, es decir, 170.000 argentinos m\u00e1s que en diciembre.<\/strong><\/p>\n<p>As\u00ed, el desempleo\u00a0lleg\u00f3 al 6,9% en el primer trimestre de este a\u00f1o, lo que<strong> signific\u00f3 una suba de 0,6 puntos porcentuales con respecto al 6,3%\u00a0que hab\u00eda marcado en diciembre del a\u00f1o pasado.<\/strong><\/p>\n<p>Al comparar el dato de desempleo del primer trimestre de este a\u00f1o con el registro del mismo per\u00edodo de 2022,\u00a0<strong>mostr\u00f3 una leva ca\u00edda, de 0,1 puntos porcentuales<\/strong>. Sin embargo, debido al aumento poblacional, afect\u00f3 a un n\u00famero mayor de personas.<\/p>\n<p>La poblaci\u00f3n desempleada m\u00e1s afectada seg\u00fan el INDEC:<\/p>\n<ul>\n<li>Para la poblaci\u00f3n de 14 a\u00f1os y m\u00e1s,\u00a0<strong>la tasa de desocupaci\u00f3n fue mayor en mujeres\u00a0<\/strong>(7,8%) que en varones (6,1%)<\/li>\n<li>Entre las regiones,\u00a0<strong>las m\u00e1s afectadas por la falta de trabajo fueron el Gran Buenos Aires y la regi\u00f3n Pampeana,\u00a0<\/strong>con 7,7% y 7,3% respectivamente. Por el contrario, la Patagonia fue la zona menos afectada por la falta de trabajo, un 4,1%.<\/li>\n<li><strong>Cuyo fue la regi\u00f3n de mayor tasa de empleo\u00a0<\/strong>(46,4%); y Gran Buenos Aires, la de mayor actividad (48,9%)<\/li>\n<li>El nivel educativo del 69,6% de las personas desocupadas llega hasta el secundario completo, mientras que un 30,4% presenta nivel superior y universitario, completo o incompleto.<\/li>\n<li>La poblaci\u00f3n ocupada que se\u00a0<strong>ausent\u00f3 por suspensiones, licencias y otras causas laborales subi\u00f3 de 2,4% a 8,4% en el primer trimestre 2023\u00a0<\/strong>respecto del per\u00edodo previo<\/li>\n<li>En cuanto al tiempo de b\u00fasqueda de empleo,\u00a0<strong>el 67,3% lleva hasta 12 meses sin empleo, mientras que el 32,6% lleva m\u00e1s de un a\u00f1o<\/strong>.<strong> (VW)<\/strong><\/li>\n<\/ul>\n","protected":false},"excerpt":{"rendered":"<p>El dato que publica el Indec indica que en los primeros tres meses de 2023 el desempleo sum\u00f3 a 170.000 personas m\u00e1s que los que hab\u00eda en diciembre.<\/p>\n","protected":false},"author":4,"featured_media":11029,"comment_status":"closed","ping_status":"closed","sticky":false,"template":"","format":"standard","meta":{"_monsterinsights_skip_tracking":false,"_monsterinsights_sitenote_active":false,"_monsterinsights_sitenote_note":"","_monsterinsights_sitenote_category":0,"footnotes":""},"categories":[6,8,5],"tags":[598,75,122],"class_list":["post-11028","post","type-post","status-publish","format-standard","has-post-thumbnail","hentry","category-economia","category-interes-general","category-sociedad","tag-desempleo","tag-indec","tag-informe"],"_links":{"self":[{"href":"https:\/\/www.visionweb.com.ar\/index.php?rest_route=\/wp\/v2\/posts\/11028","targetHints":{"allow":["GET"]}}],"collection":[{"href":"https:\/\/www.visionweb.com.ar\/index.php?rest_route=\/wp\/v2\/posts"}],"about":[{"href":"https:\/\/www.visionweb.com.ar\/index.php?rest_route=\/wp\/v2\/types\/post"}],"author":[{"embeddable":true,"href":"https:\/\/www.visionweb.com.ar\/index.php?rest_route=\/wp\/v2\/users\/4"}],"replies":[{"embeddable":true,"href":"https:\/\/www.visionweb.com.ar\/index.php?rest_route=%2Fwp%2Fv2%2Fcomments&post=11028"}],"version-history":[{"count":1,"href":"https:\/\/www.visionweb.com.ar\/index.php?rest_route=\/wp\/v2\/posts\/11028\/revisions"}],"predecessor-version":[{"id":11030,"href":"https:\/\/www.visionweb.com.ar\/index.php?rest_route=\/wp\/v2\/posts\/11028\/revisions\/11030"}],"wp:featuredmedia":[{"embeddable":true,"href":"https:\/\/www.visionweb.com.ar\/index.php?rest_route=\/wp\/v2\/media\/11029"}],"wp:attachment":[{"href":"https:\/\/www.visionweb.com.ar\/index.php?rest_route=%2Fwp%2Fv2%2Fmedia&parent=11028"}],"wp:term":[{"taxonomy":"category","embeddable":true,"href":"https:\/\/www.visionweb.com.ar\/index.php?rest_route=%2Fwp%2Fv2%2Fcategories&post=11028"},{"taxonomy":"post_tag","embeddable":true,"href":"https:\/\/www.visionweb.com.ar\/index.php?rest_route=%2Fwp%2Fv2%2Ftags&post=11028"}],"curies":[{"name":"wp","href":"https:\/\/api.w.org\/{rel}","templated":true}]}}