{"id":11025,"date":"2023-06-23T11:45:10","date_gmt":"2023-06-23T14:45:10","guid":{"rendered":"https:\/\/www.visionweb.com.ar\/?p=11025"},"modified":"2023-06-23T12:08:23","modified_gmt":"2023-06-23T15:08:23","slug":"rodriguez-larreta-presentara-hoy-a-gerardo-morales-como-candidato-a-vice","status":"publish","type":"post","link":"https:\/\/www.visionweb.com.ar\/?p=11025","title":{"rendered":"Rodr\u00edguez Larreta presentar\u00e1 hoy a Gerardo Morales como precandidato a vice"},"content":{"rendered":"<p><em><strong>Queda como su compa\u00f1ero de f\u00f3rmula, y lo oficializar\u00e1 este mediod\u00eda.<\/strong><\/em><!--more--><\/p>\n<div id=\"attachment_11026\" style=\"width: 297px\" class=\"wp-caption alignright\"><img loading=\"lazy\" decoding=\"async\" aria-describedby=\"caption-attachment-11026\" class=\"wp-image-11026 size-full\" src=\"https:\/\/www.visionweb.com.ar\/wp-content\/uploads\/2023\/06\/larreta.png\" alt=\"\" width=\"287\" height=\"203\" \/><p id=\"caption-attachment-11026\" class=\"wp-caption-text\">Rodr\u00edguez Larreta y Gerardo Morales. Foto: internet<\/p><\/div>\n<p><strong>E<\/strong>l precandidato a presidente por el PRO en Juntos por el Cambio,\u00a0<strong>Horacio Rodr\u00edguez Larreta<\/strong>, anunciar\u00e1 este mediod\u00eda a <strong>Gerardo Morales<\/strong> como su compa\u00f1ero de f\u00f3rmula para las pr\u00f3ximas\u00a0elecciones.<\/p>\n<p>El acto se llevar\u00e1 a cabo a partir de las 12\u00a0en el sal\u00f3n La Escondida de Palermo, ubicado en\u00a0Avenida de los Omb\u00faes 32.<\/p>\n<p>De esta manera,\u00a0esta\u00a0nueva f\u00f3rmula mixta en Juntos por el Cambio, tendr\u00e1 en paralelo a\u00a0<strong>Patricia Bullrich<\/strong>, que\u00a0eligi\u00f3 como<strong> precandidato a vicepresidente al ex diputado nacional de la UCR Luis Petri<\/strong>.<\/p>\n<p>As\u00ed, se termina de confirmar la\u00a0<strong>declinaci\u00f3n de Morales a sus intenciones de competir por la Presidencia de la Naci\u00f3n<\/strong>\u00a0y resta confirmar si el diputado nacional de la UCR\u00a0<strong>Facundo Manes<\/strong>\u00a0ratificar\u00e1 su precandidatura para que haya un postulante radical.<\/p>\n<p>Esta oficializaci\u00f3n de la f\u00f3rmula cruzada entre la UCR y el PRO tambi\u00e9n tiene sus r\u00e9plicas a nivel provincial, donde se barajan posibilidades de Diego Santilli y N\u00e9stor Grindetti.<\/p>\n<p>A nivel bonaerense, el partido qued\u00f3 dividido en dos, ya que por un lado est\u00e1 el oficialismo partidario con<strong>\u00a0Maximiliano Abad<\/strong>\u00a0con\u00a0<strong>Patricia Bullrich<\/strong>\u00a0y, por el otro, qued\u00f3 el sector de G<strong>ustavo Posse y de Mart\u00edn Lousteau<\/strong>\u00a0en unidad detr\u00e1s de Larreta. <strong>(VW)<\/strong><\/p>\n","protected":false},"excerpt":{"rendered":"<p>Queda como su compa\u00f1ero de f\u00f3rmula, y lo oficializar\u00e1 este mediod\u00eda.<\/p>\n","protected":false},"author":4,"featured_media":11026,"comment_status":"closed","ping_status":"closed","sticky":false,"template":"","format":"standard","meta":{"_monsterinsights_skip_tracking":false,"_monsterinsights_sitenote_active":false,"_monsterinsights_sitenote_note":"","_monsterinsights_sitenote_category":0,"footnotes":""},"categories":[4],"tags":[184,1258,4583,545],"class_list":["post-11025","post","type-post","status-publish","format-standard","has-post-thumbnail","hentry","category-politica","tag-larreta","tag-morales","tag-precandidato-a-vice","tag-pro"],"_links":{"self":[{"href":"https:\/\/www.visionweb.com.ar\/index.php?rest_route=\/wp\/v2\/posts\/11025","targetHints":{"allow":["GET"]}}],"collection":[{"href":"https:\/\/www.visionweb.com.ar\/index.php?rest_route=\/wp\/v2\/posts"}],"about":[{"href":"https:\/\/www.visionweb.com.ar\/index.php?rest_route=\/wp\/v2\/types\/post"}],"author":[{"embeddable":true,"href":"https:\/\/www.visionweb.com.ar\/index.php?rest_route=\/wp\/v2\/users\/4"}],"replies":[{"embeddable":true,"href":"https:\/\/www.visionweb.com.ar\/index.php?rest_route=%2Fwp%2Fv2%2Fcomments&post=11025"}],"version-history":[{"count":2,"href":"https:\/\/www.visionweb.com.ar\/index.php?rest_route=\/wp\/v2\/posts\/11025\/revisions"}],"predecessor-version":[{"id":11031,"href":"https:\/\/www.visionweb.com.ar\/index.php?rest_route=\/wp\/v2\/posts\/11025\/revisions\/11031"}],"wp:featuredmedia":[{"embeddable":true,"href":"https:\/\/www.visionweb.com.ar\/index.php?rest_route=\/wp\/v2\/media\/11026"}],"wp:attachment":[{"href":"https:\/\/www.visionweb.com.ar\/index.php?rest_route=%2Fwp%2Fv2%2Fmedia&parent=11025"}],"wp:term":[{"taxonomy":"category","embeddable":true,"href":"https:\/\/www.visionweb.com.ar\/index.php?rest_route=%2Fwp%2Fv2%2Fcategories&post=11025"},{"taxonomy":"post_tag","embeddable":true,"href":"https:\/\/www.visionweb.com.ar\/index.php?rest_route=%2Fwp%2Fv2%2Ftags&post=11025"}],"curies":[{"name":"wp","href":"https:\/\/api.w.org\/{rel}","templated":true}]}}