{"id":11018,"date":"2023-06-23T09:43:00","date_gmt":"2023-06-23T12:43:00","guid":{"rendered":"https:\/\/www.visionweb.com.ar\/?p=11018"},"modified":"2023-06-23T09:43:00","modified_gmt":"2023-06-23T12:43:00","slug":"wado-de-pedro-sera-precandidato-a-presidente","status":"publish","type":"post","link":"https:\/\/www.visionweb.com.ar\/?p=11018","title":{"rendered":"Wado\u201d de Pedro ser\u00e1 precandidato a Presidente"},"content":{"rendered":"<p><strong><em>El ministro del Interior lo confirm\u00f3 a trav\u00e9s de un video en sus redes sociales. Dijo que buscar\u00e1 \u00abuna argentina de crecimiento compartido\u00bb. Manzur ser\u00eda su candidato a vice.<\/em><\/strong><!--more--><\/p>\n<p><img loading=\"lazy\" decoding=\"async\" class=\"size-medium wp-image-11020 alignright\" src=\"https:\/\/www.visionweb.com.ar\/wp-content\/uploads\/2023\/06\/DE-PEDRO-1-300x169.png\" alt=\"\" width=\"300\" height=\"169\" srcset=\"https:\/\/www.visionweb.com.ar\/wp-content\/uploads\/2023\/06\/DE-PEDRO-1-300x169.png 300w, https:\/\/www.visionweb.com.ar\/wp-content\/uploads\/2023\/06\/DE-PEDRO-1.png 640w\" sizes=\"auto, (max-width: 300px) 100vw, 300px\" \/>Despu\u00e9s de largos conciliabulos, el ministro del interior, Eduardo \u201cWado\u201d De Pedro fue el nombre elegido para ir como pre candidato a Presidente de la Naci\u00f3n, tras recibir el \u00faltimo aval de la vicepresidenta Cristina Fern\u00e1ndez de Kirchner.<\/p>\n<p>Encabezar\u00e1 una f\u00f3rmula en la que ser\u00e1 secundado por el Juan Manzur, gobernador de Tucum\u00e1n y exjefe de Gabinete.<\/p>\n<p>El anuncio lo hizo el propio De Pedro a trav\u00e9s de sus redes sociales, con un video en el que resalt\u00f3: \u201cAmo profundamente a mi pa\u00eds. Es necesario volver a representar y defender al pa\u00eds federal. Recuperemos la esperanza y el orgullo de ser argentinos. Quiero ser tu presidente, el presidente de todas las familias argentinas\u201d. Adem\u00e1s, dice que quiere \u201cuna argentina de crecimiento compartido\u201d.<\/p>\n<p>Despu\u00e9s, a lo largo de m\u00e1s de dos minutos, se presenta (\u201dSoy Wado de Pedro y quiero ser Presidente\u201d, dice al final) y explica las razones por las que se decidi\u00f3 a ser candidato. Resalta su vocaci\u00f3n de trabajo, su historia dif\u00edcil y su relaci\u00f3n con los gobernadores y los sectores de la producci\u00f3n. Tambi\u00e9n menciona la deuda \u201crecibida\u201d y la \u201cinflaci\u00f3n\u201d como algunos de los problemas principales a resolver.<\/p>\n<p>En la pieza audiovisual se puede ver a, adem\u00e1s de a trabajadores que lo saludan, a la vicepresidenta Cristina Fern\u00e1ndez de Kirchner; al ministro del Interior Sergio Massa; a varios gobernadores del peronismo entre ellos a Mazur, que ser\u00eda su compa\u00f1ero de f\u00f3rmula, y el bonaerense Axel Kicillof, pero no aparece en ning\u00fan momento el presidente actual, Alberto Fern\u00e1ndez.<\/p>\n<p>La confirmaci\u00f3n lleg\u00f3 luego de intensas negociaciones que buscan que en el oficialismo haya una lista de unidad, lo que requerir\u00eda que Daniel Scioli deponga su postulaci\u00f3n, algo que no hizo al menos hasta ahora. Tampoco declin\u00f3 su postulaci\u00f3n Victoria Tolosa Paz, su postulante a gobernadora bonaerense(Con informaci\u00f3n de la agencia DIB)<\/p>\n<p>&nbsp;<\/p>\n","protected":false},"excerpt":{"rendered":"<p>El ministro del Interior lo confirm\u00f3 a trav\u00e9s de un video en sus redes sociales. Dijo que buscar\u00e1 \u00abuna argentina de crecimiento compartido\u00bb. Manzur ser\u00eda su candidato a vice.<\/p>\n","protected":false},"author":3,"featured_media":11019,"comment_status":"closed","ping_status":"closed","sticky":false,"template":"","format":"standard","meta":{"_monsterinsights_skip_tracking":false,"_monsterinsights_sitenote_active":false,"_monsterinsights_sitenote_note":"","_monsterinsights_sitenote_category":0,"footnotes":""},"categories":[4],"tags":[933,1170,4171],"class_list":["post-11018","post","type-post","status-publish","format-standard","has-post-thumbnail","hentry","category-politica","tag-de-pedro","tag-manzur","tag-presidencia"],"_links":{"self":[{"href":"https:\/\/www.visionweb.com.ar\/index.php?rest_route=\/wp\/v2\/posts\/11018","targetHints":{"allow":["GET"]}}],"collection":[{"href":"https:\/\/www.visionweb.com.ar\/index.php?rest_route=\/wp\/v2\/posts"}],"about":[{"href":"https:\/\/www.visionweb.com.ar\/index.php?rest_route=\/wp\/v2\/types\/post"}],"author":[{"embeddable":true,"href":"https:\/\/www.visionweb.com.ar\/index.php?rest_route=\/wp\/v2\/users\/3"}],"replies":[{"embeddable":true,"href":"https:\/\/www.visionweb.com.ar\/index.php?rest_route=%2Fwp%2Fv2%2Fcomments&post=11018"}],"version-history":[{"count":1,"href":"https:\/\/www.visionweb.com.ar\/index.php?rest_route=\/wp\/v2\/posts\/11018\/revisions"}],"predecessor-version":[{"id":11021,"href":"https:\/\/www.visionweb.com.ar\/index.php?rest_route=\/wp\/v2\/posts\/11018\/revisions\/11021"}],"wp:featuredmedia":[{"embeddable":true,"href":"https:\/\/www.visionweb.com.ar\/index.php?rest_route=\/wp\/v2\/media\/11019"}],"wp:attachment":[{"href":"https:\/\/www.visionweb.com.ar\/index.php?rest_route=%2Fwp%2Fv2%2Fmedia&parent=11018"}],"wp:term":[{"taxonomy":"category","embeddable":true,"href":"https:\/\/www.visionweb.com.ar\/index.php?rest_route=%2Fwp%2Fv2%2Fcategories&post=11018"},{"taxonomy":"post_tag","embeddable":true,"href":"https:\/\/www.visionweb.com.ar\/index.php?rest_route=%2Fwp%2Fv2%2Ftags&post=11018"}],"curies":[{"name":"wp","href":"https:\/\/api.w.org\/{rel}","templated":true}]}}