{"id":11015,"date":"2023-06-23T08:09:47","date_gmt":"2023-06-23T11:09:47","guid":{"rendered":"https:\/\/www.visionweb.com.ar\/?p=11015"},"modified":"2023-06-23T08:09:47","modified_gmt":"2023-06-23T11:09:47","slug":"del-campo-al-mastil","status":"publish","type":"post","link":"https:\/\/www.visionweb.com.ar\/?p=11015","title":{"rendered":"Del campo al m\u00e1stil"},"content":{"rendered":"<p><em><strong>Las telas para confeccionar banderas tienen caracter\u00edsticas particulares: deben durar mucho tiempo a la intemperie sin alterar sus colores ni deteriorarse.<\/strong><\/em><!--more--><\/p>\n<p><strong><img loading=\"lazy\" decoding=\"async\" class=\"size-medium wp-image-11016 alignright\" src=\"https:\/\/www.visionweb.com.ar\/wp-content\/uploads\/2023\/06\/ALGODON-300x225.jpg\" alt=\"\" width=\"300\" height=\"225\" srcset=\"https:\/\/www.visionweb.com.ar\/wp-content\/uploads\/2023\/06\/ALGODON-300x225.jpg 300w, https:\/\/www.visionweb.com.ar\/wp-content\/uploads\/2023\/06\/ALGODON-320x240.jpg 320w, https:\/\/www.visionweb.com.ar\/wp-content\/uploads\/2023\/06\/ALGODON.jpg 640w\" sizes=\"auto, (max-width: 300px) 100vw, 300px\" \/>L<\/strong>a historia cuenta que un 27 de febrero de 1812 Manuel Belgrano enarbol\u00f3 por primera vez nuestra ense\u00f1a nacional en un poblado llamado en ese entonces Capilla del Rosario, ciudad de Rosario en la actualidad. Llevaba los mismos colores de la escarapela y fue confeccionada por Mar\u00eda Carolina Echevarr\u00eda y otras mujeres de la zona usando seda importada, cuenta el trabajo elaborado por Agrocultura en el marco del D\u00eda de la Bandera, que se record\u00f3 esta semana.<\/p>\n<p>Poco podr\u00edamos saber de esta bandera si no fuera por los avances tecnol\u00f3gicos con los que cuentan en la Universidad Nacional de la Plata y CONICET que permitieron descubrir el color original y el tipo de tela usada. Investigadores estudiaron la primera bandera que estaba escondida en una iglesia boliviana y que fue dejada ah\u00ed por Belgrano despu\u00e9s de las derrotas de Vilcapugio y Ayohuma. As\u00ed pudimos saber que el primer color usado fue azul \u00edndigo y no celeste como la actual, que estaba hecha de una especie de seda tafet\u00e1n que se usaba en Europa en el siglo XIX y que dos de las tres franjas eran blancas con una azul \u00edndigo en el centro.<\/p>\n<p>Las telas para confeccionar banderas tienen caracter\u00edsticas particulares: deben durar mucho tiempo a la intemperie sin alterar sus colores ni deteriorarse y deben ser ligeras para moverse fluidamente con el viento, pero resistentes para que este no las rompa.<\/p>\n<p>Por eso, las m\u00e1s usadas son las telas de poli\u00e9ster; siendo una de las preferidas la seda de poli\u00e9ster, m\u00e1s conocida como seda de forro (esa que encontramos en el interior de sacos y tapados).<\/p>\n<p>Su composici\u00f3n es una mezcla de poli\u00e9ster y algod\u00f3n, este noble cultivo que nos viste y nos abriga con una flor hermosa y un capullo suave.<\/p>\n<p>El algod\u00f3n que flamea en nuestras banderas pertenece a la especie\u00a0<em>Gossypium hirsutum<\/em>, la m\u00e1s cultivada en nuestro pa\u00eds y proviene de un cruzamiento que ocurri\u00f3 hace m\u00e1s de un mill\u00f3n de a\u00f1os entre dos especies.<\/p>\n<p>Mucho tiempo paso de aquel cruzamiento original y, con los avances de la ciencia, los fitomejoradores (aquellas personas que se encargan de mejorar los cultivos) crearon nuevas variedades de algod\u00f3n que resisten mejor al ataque de plagas y enfermedades, m\u00e1s productivas y con una calidad de fibra imbatible para que las telas duren m\u00e1s tiempo.<\/p>\n<p>En el barrio de Chacarita, en Ciudad de Buenos Aires, hay un taller especializado en banderas y es el encargado de cuidar la gigantesca bandera de 150 metros cuadrados que ondea en la Plaza de Mayo. Solo para esta bandera se necesitaron 78 m<sup>2<\/sup>\u00a0de cultivo de algod\u00f3n.<\/p>\n<p>Fuente: Agrocultura<\/p>\n<p>Agrocultura es una organizaci\u00f3n civil formada por: AAPRESID, ABOPA, ACSOJA, AEPA, AFOA, APYMEL, ArgenBio, ArgenTrigo, ASAGIR, Barbechando, Bolsa de Cereales de Buenos Aires, CAA, CAENA, CampoLimpio, CAPA, CASAFE, Centro de Exportadores de Cereales, CAM, CIAFA, CIARA, CIPAG, CONINAGRO, CRA, FAA, IPCVA, MAIZAR, Periodistas Agroalimentarios de la Ciudad de Buenos Aires, ProSoja, Red BPA, Red Mujeres Rurales, UIA y UIPBA<strong>(VW)<\/strong><\/p>\n","protected":false},"excerpt":{"rendered":"<p>Las telas para confeccionar banderas tienen caracter\u00edsticas particulares: deben durar mucho tiempo a la intemperie sin alterar sus colores ni deteriorarse.<\/p>\n","protected":false},"author":3,"featured_media":11016,"comment_status":"closed","ping_status":"closed","sticky":false,"template":"","format":"standard","meta":{"_monsterinsights_skip_tracking":false,"_monsterinsights_sitenote_active":false,"_monsterinsights_sitenote_note":"","_monsterinsights_sitenote_category":0,"footnotes":""},"categories":[7],"tags":[2316,4580,2205,3914],"class_list":["post-11015","post","type-post","status-publish","format-standard","has-post-thumbnail","hentry","category-educacion-y-cultura","tag-belgrano","tag-conicent","tag-rosario","tag-unlp"],"_links":{"self":[{"href":"https:\/\/www.visionweb.com.ar\/index.php?rest_route=\/wp\/v2\/posts\/11015","targetHints":{"allow":["GET"]}}],"collection":[{"href":"https:\/\/www.visionweb.com.ar\/index.php?rest_route=\/wp\/v2\/posts"}],"about":[{"href":"https:\/\/www.visionweb.com.ar\/index.php?rest_route=\/wp\/v2\/types\/post"}],"author":[{"embeddable":true,"href":"https:\/\/www.visionweb.com.ar\/index.php?rest_route=\/wp\/v2\/users\/3"}],"replies":[{"embeddable":true,"href":"https:\/\/www.visionweb.com.ar\/index.php?rest_route=%2Fwp%2Fv2%2Fcomments&post=11015"}],"version-history":[{"count":1,"href":"https:\/\/www.visionweb.com.ar\/index.php?rest_route=\/wp\/v2\/posts\/11015\/revisions"}],"predecessor-version":[{"id":11017,"href":"https:\/\/www.visionweb.com.ar\/index.php?rest_route=\/wp\/v2\/posts\/11015\/revisions\/11017"}],"wp:featuredmedia":[{"embeddable":true,"href":"https:\/\/www.visionweb.com.ar\/index.php?rest_route=\/wp\/v2\/media\/11016"}],"wp:attachment":[{"href":"https:\/\/www.visionweb.com.ar\/index.php?rest_route=%2Fwp%2Fv2%2Fmedia&parent=11015"}],"wp:term":[{"taxonomy":"category","embeddable":true,"href":"https:\/\/www.visionweb.com.ar\/index.php?rest_route=%2Fwp%2Fv2%2Fcategories&post=11015"},{"taxonomy":"post_tag","embeddable":true,"href":"https:\/\/www.visionweb.com.ar\/index.php?rest_route=%2Fwp%2Fv2%2Ftags&post=11015"}],"curies":[{"name":"wp","href":"https:\/\/api.w.org\/{rel}","templated":true}]}}