{"id":11010,"date":"2023-06-22T12:30:01","date_gmt":"2023-06-22T15:30:01","guid":{"rendered":"https:\/\/www.visionweb.com.ar\/?p=11010"},"modified":"2023-06-22T12:30:01","modified_gmt":"2023-06-22T15:30:01","slug":"el-indec-y-las-canastas-imparables-en-mayo-una-familia-necesito-217-916-para-no-ser-considerada-pobre","status":"publish","type":"post","link":"https:\/\/www.visionweb.com.ar\/?p=11010","title":{"rendered":"El Indec y las canastas imparables: En mayo una familia necesit\u00f3 $217.916\u00a0para no ser considerada pobre"},"content":{"rendered":"<p><em><strong>La canasta b\u00e1sica aument\u00f3 7,2%, y en el \u00faltimo a\u00f1o ese indicador, que mide el costo de alimentos, salud, educaci\u00f3n e indumentaria tuvo un incremento de 118,6 por ciento, mayor a la inflaci\u00f3n.<\/strong><\/em><!--more--><\/p>\n<p><strong> <img loading=\"lazy\" decoding=\"async\" class=\"size-full wp-image-10614 alignright\" src=\"https:\/\/www.visionweb.com.ar\/wp-content\/uploads\/2023\/05\/super.png\" alt=\"\" width=\"240\" height=\"135\" \/>\u00a0 E<\/strong>l\u00a0Instituto Nacional de Estad\u00edstica y Censos (INDEC) dio a conocer en la tarde de ayer el costo de la <strong>canasta B\u00e1sica total (CBT) que establece el umbral de la pobreza, correspondiente al mes de mayo, que aument\u00f3 7,2%.\u00a0<\/strong><\/p>\n<p>De este porcentual se desprende que una familia de cuatro integrantes (dos adultos y dos chicos) necesit\u00f3 $217.916\u00a0<strong>para no ser considerada pobre<\/strong>.<\/p>\n<p>En tanto,\u00a0<strong>la canasta b\u00e1sica alimentaria (CBA), que define la l\u00ednea de la indigencia<\/strong>, marc\u00f3 tambi\u00e9n un incremento del 5,2%, por lo que ese hogar requiri\u00f3 de\u00a0<strong>$99.053 para cubrir las necesidades alimentarias b\u00e1sicas\u00a0<\/strong>para subsistir.<\/p>\n<p>De acuerdo al \u00faltimo informe del organismo estad\u00edstico correspondiente a mayo de 2023,\u00a0<strong>la variaci\u00f3n de las canastas en su medici\u00f3n interanual se ubic\u00f3 por encima del \u00edndice de inflaci\u00f3n, que subi\u00f3 114,2%.<\/strong><\/p>\n<p>En concreto, la l\u00ednea que mide\u00a0<strong>la indigencia subi\u00f3 5,2% en mayo y tuvo una aceleraci\u00f3n de 122,6%\u00a0<\/strong>interanual, mientras que la evoluci\u00f3n de la canasta que fija el umbral de la pobreza fue de 7,2% en el quinto mes del a\u00f1o y acumul\u00f3 una suba de 118,6% interanual.<\/p>\n<p><strong>Cu\u00e1les son los ingresos necesarios para superar la l\u00ednea de pobreza en mayo:<\/strong><\/p>\n<ul>\n<li>Una persona necesit\u00f3 de $70.523 para no caer bajo la pobreza.<\/li>\n<li>Un hogar de tres personas -compuesto por una mujer de 35 a\u00f1os, su hijo de 18 a\u00f1os y su madre de 61-, requiri\u00f3 $173.486 en mayo para no ser pobre.<\/li>\n<li>Una familia de cuatro integrantes -conformada por un var\u00f3n de 35 a\u00f1os, una mujer de 31 a\u00f1os, un hijo de 6 a\u00f1os y una hija de 8-, necesit\u00f3 un ingreso m\u00ednimo de $217.916.<\/li>\n<li>Para un hogar compuesto por cinco personas -una pareja de 30 a\u00f1os y tres hijos de 5, 3 y 1 a\u00f1o- se requiri\u00f3 una suma de $229.199.<\/li>\n<\/ul>\n<p><strong>Cu\u00e1les son los ingresos m\u00ednimos requeridos para superar la l\u00ednea de indigencia:<\/strong><\/p>\n<ul>\n<li>Una persona requiri\u00f3 de $32.056 para no ser indigente.<\/li>\n<li>De $78.857 para una familia de tres miembros.<\/li>\n<li>Un hogar de cuatro integrantes precis\u00f3 $99.053.<\/li>\n<li>Una familia compuesta por cinco personas requiri\u00f3 $104.182.<\/li>\n<\/ul>\n<p><strong>Con estos aumentos, las l\u00edneas de pobreza y de indigencia acumulan en 2023 incrementos del 47,4% y 42,9%,\u00a0<\/strong>respectivamente por lo que la variaci\u00f3n de las canastas en su medici\u00f3n interanual se ubic\u00f3 por encima del \u00edndice de inflaci\u00f3n. <strong>(VW)<\/strong><\/p>\n","protected":false},"excerpt":{"rendered":"<p>La canasta b\u00e1sica aument\u00f3 7,2%, y en el \u00faltimo a\u00f1o ese indicador, que mide el costo de alimentos, salud, educaci\u00f3n e indumentaria tuvo un incremento de 118,6 por ciento, mayor a la inflaci\u00f3n.<\/p>\n","protected":false},"author":4,"featured_media":10614,"comment_status":"closed","ping_status":"closed","sticky":false,"template":"","format":"standard","meta":{"_monsterinsights_skip_tracking":false,"_monsterinsights_sitenote_active":false,"_monsterinsights_sitenote_note":"","_monsterinsights_sitenote_category":0,"footnotes":""},"categories":[6,5],"tags":[4577,75,627],"class_list":["post-11010","post","type-post","status-publish","format-standard","has-post-thumbnail","hentry","category-economia","category-sociedad","tag-canasta-mayo-2023","tag-indec","tag-indice-de-pobreza"],"_links":{"self":[{"href":"https:\/\/www.visionweb.com.ar\/index.php?rest_route=\/wp\/v2\/posts\/11010","targetHints":{"allow":["GET"]}}],"collection":[{"href":"https:\/\/www.visionweb.com.ar\/index.php?rest_route=\/wp\/v2\/posts"}],"about":[{"href":"https:\/\/www.visionweb.com.ar\/index.php?rest_route=\/wp\/v2\/types\/post"}],"author":[{"embeddable":true,"href":"https:\/\/www.visionweb.com.ar\/index.php?rest_route=\/wp\/v2\/users\/4"}],"replies":[{"embeddable":true,"href":"https:\/\/www.visionweb.com.ar\/index.php?rest_route=%2Fwp%2Fv2%2Fcomments&post=11010"}],"version-history":[{"count":1,"href":"https:\/\/www.visionweb.com.ar\/index.php?rest_route=\/wp\/v2\/posts\/11010\/revisions"}],"predecessor-version":[{"id":11011,"href":"https:\/\/www.visionweb.com.ar\/index.php?rest_route=\/wp\/v2\/posts\/11010\/revisions\/11011"}],"wp:featuredmedia":[{"embeddable":true,"href":"https:\/\/www.visionweb.com.ar\/index.php?rest_route=\/wp\/v2\/media\/10614"}],"wp:attachment":[{"href":"https:\/\/www.visionweb.com.ar\/index.php?rest_route=%2Fwp%2Fv2%2Fmedia&parent=11010"}],"wp:term":[{"taxonomy":"category","embeddable":true,"href":"https:\/\/www.visionweb.com.ar\/index.php?rest_route=%2Fwp%2Fv2%2Fcategories&post=11010"},{"taxonomy":"post_tag","embeddable":true,"href":"https:\/\/www.visionweb.com.ar\/index.php?rest_route=%2Fwp%2Fv2%2Ftags&post=11010"}],"curies":[{"name":"wp","href":"https:\/\/api.w.org\/{rel}","templated":true}]}}