{"id":11006,"date":"2023-06-22T11:09:13","date_gmt":"2023-06-22T14:09:13","guid":{"rendered":"https:\/\/www.visionweb.com.ar\/?p=11006"},"modified":"2023-06-22T11:10:26","modified_gmt":"2023-06-22T14:10:26","slug":"tarifas-en-julio-aumentan-colectivos-y-trenes","status":"publish","type":"post","link":"https:\/\/www.visionweb.com.ar\/?p=11006","title":{"rendered":"Tarifas: Otro aumento en julio para los boletos de colectivos y trenes"},"content":{"rendered":"<p><em><strong>Para reducir los subsidios al transporte nuevo aumento en julio. Tambi\u00e9n aumentar\u00e1 el saldo negativo en las tarjetas Sube.<\/strong><\/em><!--more--><\/p>\n<p><img loading=\"lazy\" decoding=\"async\" class=\"size-medium wp-image-2702 alignright\" src=\"https:\/\/www.visionweb.com.ar\/wp-content\/uploads\/2021\/09\/TRANSPORTES-PUBLICOS-300x142.png\" alt=\"\" width=\"300\" height=\"142\" srcset=\"https:\/\/www.visionweb.com.ar\/wp-content\/uploads\/2021\/09\/TRANSPORTES-PUBLICOS-300x142.png 300w, https:\/\/www.visionweb.com.ar\/wp-content\/uploads\/2021\/09\/TRANSPORTES-PUBLICOS-768x364.png 768w, https:\/\/www.visionweb.com.ar\/wp-content\/uploads\/2021\/09\/TRANSPORTES-PUBLICOS-520x245.png 520w, https:\/\/www.visionweb.com.ar\/wp-content\/uploads\/2021\/09\/TRANSPORTES-PUBLICOS-720x340.png 720w, https:\/\/www.visionweb.com.ar\/wp-content\/uploads\/2021\/09\/TRANSPORTES-PUBLICOS.png 800w\" sizes=\"auto, (max-width: 300px) 100vw, 300px\" \/>A partir del primer d\u00eda de julio, el costo de los boletos de trenes y colectivos experimentar\u00e1 un nuevo ajuste, como se viene haciendo desde diciembre del a\u00f1o pasado.<\/p>\n<p>La medida que fue autorizada por el Ministerio de Transporte alcanza a los pasajes de colectivos y trenes del \u00c1rea Metropolitana de Buenos Aires (AMBA).<\/p>\n<p>A su vez, desde la cartera de Transporte, aseguraron que continuar\u00e1 disponible el beneficio del sistema Red SUBE y la Tarifa Social.<\/p>\n<p>De esta manera, el saldo de emergencia de la SUBE, que se actualiza todos los meses, ascender\u00e1 a $223,94 en julio.<\/p>\n<p>La modificaci\u00f3n mensual se realiza en base a las variaciones del boleto m\u00ednimo sobre el \u00cdndice de Precios al Consumidor (IPC).<\/p>\n<p>Los boletos de colectivo sufrir\u00e1n un aumento del 8% en el AMBA. As\u00ed, el m\u00ednimo (entre 0 y 3 kil\u00f3metros) tendr\u00e1 un valor de $50,05. En el caso de tramos de 3 a 6 km, $55,76; de 6 a 12 km, de $60,05; de 12 a 27 km, de $64,34; y m\u00e1s de 27 km, de $68,63<strong>(VW)<\/strong>.<\/p>\n<p>&nbsp;<\/p>\n<p>&nbsp;<\/p>\n","protected":false},"excerpt":{"rendered":"<p>Para reducir los subsidios al transporte nuevo aumento en julio. Tambi\u00e9n aumentar\u00e1 el saldo negativo en las tarjetas Sube.<\/p>\n","protected":false},"author":3,"featured_media":2702,"comment_status":"closed","ping_status":"closed","sticky":false,"template":"","format":"standard","meta":{"_monsterinsights_skip_tracking":false,"_monsterinsights_sitenote_active":false,"_monsterinsights_sitenote_note":"","_monsterinsights_sitenote_category":0,"footnotes":""},"categories":[3],"tags":[],"class_list":["post-11006","post","type-post","status-publish","format-standard","has-post-thumbnail","hentry","category-actualidad"],"_links":{"self":[{"href":"https:\/\/www.visionweb.com.ar\/index.php?rest_route=\/wp\/v2\/posts\/11006","targetHints":{"allow":["GET"]}}],"collection":[{"href":"https:\/\/www.visionweb.com.ar\/index.php?rest_route=\/wp\/v2\/posts"}],"about":[{"href":"https:\/\/www.visionweb.com.ar\/index.php?rest_route=\/wp\/v2\/types\/post"}],"author":[{"embeddable":true,"href":"https:\/\/www.visionweb.com.ar\/index.php?rest_route=\/wp\/v2\/users\/3"}],"replies":[{"embeddable":true,"href":"https:\/\/www.visionweb.com.ar\/index.php?rest_route=%2Fwp%2Fv2%2Fcomments&post=11006"}],"version-history":[{"count":3,"href":"https:\/\/www.visionweb.com.ar\/index.php?rest_route=\/wp\/v2\/posts\/11006\/revisions"}],"predecessor-version":[{"id":11009,"href":"https:\/\/www.visionweb.com.ar\/index.php?rest_route=\/wp\/v2\/posts\/11006\/revisions\/11009"}],"wp:featuredmedia":[{"embeddable":true,"href":"https:\/\/www.visionweb.com.ar\/index.php?rest_route=\/wp\/v2\/media\/2702"}],"wp:attachment":[{"href":"https:\/\/www.visionweb.com.ar\/index.php?rest_route=%2Fwp%2Fv2%2Fmedia&parent=11006"}],"wp:term":[{"taxonomy":"category","embeddable":true,"href":"https:\/\/www.visionweb.com.ar\/index.php?rest_route=%2Fwp%2Fv2%2Fcategories&post=11006"},{"taxonomy":"post_tag","embeddable":true,"href":"https:\/\/www.visionweb.com.ar\/index.php?rest_route=%2Fwp%2Fv2%2Ftags&post=11006"}],"curies":[{"name":"wp","href":"https:\/\/api.w.org\/{rel}","templated":true}]}}