{"id":10993,"date":"2023-06-21T13:31:13","date_gmt":"2023-06-21T16:31:13","guid":{"rendered":"https:\/\/www.visionweb.com.ar\/?p=10993"},"modified":"2023-06-21T13:31:13","modified_gmt":"2023-06-21T16:31:13","slug":"protestas-e-incidentes-en-jujuy-hoy-dia-de-marchas-y-cortes-en-caba","status":"publish","type":"post","link":"https:\/\/www.visionweb.com.ar\/?p=10993","title":{"rendered":"Protestas e incidentes en Jujuy: Hoy d\u00eda de marchas y cortes en Caba"},"content":{"rendered":"<p><strong><em>Tras la jura de la nueva Constituci\u00f3n de Gerardo Morales manifestantes atacaron la Legislatura. Hubo enfrentamientos con la polic\u00eda y varios heridos.<\/em><\/strong><!--more--><\/p>\n<div id=\"attachment_10994\" style=\"width: 271px\" class=\"wp-caption alignright\"><img loading=\"lazy\" decoding=\"async\" aria-describedby=\"caption-attachment-10994\" class=\"wp-image-10994 size-full\" src=\"https:\/\/www.visionweb.com.ar\/wp-content\/uploads\/2023\/06\/disturbio-en-jujuy.png\" alt=\"\" width=\"261\" height=\"179\" \/><p id=\"caption-attachment-10994\" class=\"wp-caption-text\">Jujuy: Manifestantes en pleno ataque a la Legislatura. Foto internet<\/p><\/div>\n<p><strong>\u00a0\u00a0 H<\/strong>abr\u00e1\u00a0<strong>dos marchas<\/strong> <strong>en el microcentro porte\u00f1o en repudio a los incidentes ocurridos ayer en Jujuy, una desde Obelisco a la Casa de Jujuy y otra a Plaza de Mayo,\u00a0<\/strong>por parte de organizaciones sindicales, pol\u00edticas, sociales y de derechos humanos.<\/p>\n<p>Por su parte, las dos CTA, sectores de la CGT enrolados en la Corriente Federal de los Trabajadores y el Frente Sindical para el Modelo Nacional; la Uni\u00f3n de Trabajadores de la Econom\u00eda Popular (UTEP); la Corriente Clasista y Combativa (CCC) y agrupaciones de izquierda s<strong>e congregan desde las 13 en el Obelisco y desde all\u00ed marchar\u00e1n hacia la Casa de la provincia de Jujuy,<\/strong>\u00a0ubicada en avenida Santa Fe 967, a metros de la 9 de Julio, en el barrio porte\u00f1o de Retiro.<\/p>\n<p>Tambi\u00e9n se sumar\u00e1n a esta marcha organizaciones como La C\u00e1mpora, Kolina, la Uni\u00f3n de Trabajadores de la Tierra (UTT), la Federaci\u00f3n de Tierra y Viviendas (FTV- Partido Miles), la organizaci\u00f3n H.I.J.O.S y la Organizaci\u00f3n pol\u00edtica Los Pibes, entre otros.<\/p>\n<p>Casi simult\u00e1neamente,<strong>\u00a0a las 13.30, el consejo directivo de la CGT convoc\u00f3 a una conferencia de prensa en la sede de la central obrera,<\/strong>\u00a0en la calle Azopardo.<\/p>\n<p>En tanto, frente a la Casa de Jujuy, los manifestantes realizar\u00e1n un acto para reclamar \u00abel cese de la represi\u00f3n\u00bb en la provincia, y \u00abel restablecimiento de la libertad de petici\u00f3n y del accionar de los sindicatos\u00bb, en referencia a las modificaciones introducidas en la Constituci\u00f3n provincial referidas a la protesta social.<\/p>\n<p>Por su parte, la\u00a0ministra de Trabajo, Empleo y Seguridad Social, Raquel \u2018Kelly&#8217; Olmos, anticip\u00f3 hoy que desde el Gobierno\u00a0<strong>\u00abse elabora una presentaci\u00f3n sobre la inconstitucionalidad de la reforma\u00bb de la Carta Magna juje\u00f1a<\/strong>\u00a0ante la Corte Suprema de Justicia de la Naci\u00f3n.<\/p>\n<p>\u00ab<strong>Hay varios art\u00edculos que contradicen derechos consagrados en la Constituci\u00f3n Nacional<\/strong>\u00a0y en los pactos internacionales suscriptos por la Argentina\u00bb, detall\u00f3.<\/p>\n<p>Mientras que el\u00a0jefe de la Polic\u00eda de la provincia, Horacio Herbas Mej\u00edas, asegur\u00f3 que los\u00a0<strong>disturbios<\/strong>\u00a0fueron \u00abestudiados y planificados\u00bb por\u00a0<strong>organizaciones provenientes de Buenos Aires.<\/strong><\/p>\n<p>Mej\u00edas explic\u00f3 que\u00a0<strong>se sorprendi\u00f3 al ver \u00abla impresionante cantidad de gente con tonada porte\u00f1a que arengaba<\/strong>, incitaba y conduc\u00eda con la cara y la cabeza cubiertas\u00bb.<\/p>\n<p>En declaraciones radiales, agreg\u00f3 que: \u00abEra gente que vino de afuera a arengar, a planificar todo esto y a ejecutarlo. Fue como una orden que hubieran recibido\u00bb.<\/p>\n<p>El jefe policial detall\u00f3 a la vez que<strong>\u00a0ten\u00edan informaci\u00f3n de que iba a ir gente de otros partidos pol\u00edticos \u00abno afines al Gobierno de la provincia<\/strong>\u00a0a gestar disturbios\u00bb y se\u00f1al\u00f3 que lo pudo corroborar al escuchar los gritos: \u00abNo es la tonada de un juje\u00f1o\u00bb. <strong>(VW)<\/strong><\/p>\n","protected":false},"excerpt":{"rendered":"<p>Tras la jura de la nueva Constituci\u00f3n de Gerardo Morales manifestantes atacaron la Legislatura. Hubo enfrentamientos con la polic\u00eda y varios heridos.<\/p>\n","protected":false},"author":4,"featured_media":10994,"comment_status":"closed","ping_status":"closed","sticky":false,"template":"","format":"standard","meta":{"_monsterinsights_skip_tracking":false,"_monsterinsights_sitenote_active":false,"_monsterinsights_sitenote_note":"","_monsterinsights_sitenote_category":0,"footnotes":""},"categories":[4,5],"tags":[4573,4572,2976,4574],"class_list":["post-10993","post","type-post","status-publish","format-standard","has-post-thumbnail","hentry","category-politica","category-sociedad","tag-gerardo-morales","tag-incidentes-por-la-modificacion-de-la-constitucion","tag-jujuy","tag-marchas"],"_links":{"self":[{"href":"https:\/\/www.visionweb.com.ar\/index.php?rest_route=\/wp\/v2\/posts\/10993","targetHints":{"allow":["GET"]}}],"collection":[{"href":"https:\/\/www.visionweb.com.ar\/index.php?rest_route=\/wp\/v2\/posts"}],"about":[{"href":"https:\/\/www.visionweb.com.ar\/index.php?rest_route=\/wp\/v2\/types\/post"}],"author":[{"embeddable":true,"href":"https:\/\/www.visionweb.com.ar\/index.php?rest_route=\/wp\/v2\/users\/4"}],"replies":[{"embeddable":true,"href":"https:\/\/www.visionweb.com.ar\/index.php?rest_route=%2Fwp%2Fv2%2Fcomments&post=10993"}],"version-history":[{"count":2,"href":"https:\/\/www.visionweb.com.ar\/index.php?rest_route=\/wp\/v2\/posts\/10993\/revisions"}],"predecessor-version":[{"id":10998,"href":"https:\/\/www.visionweb.com.ar\/index.php?rest_route=\/wp\/v2\/posts\/10993\/revisions\/10998"}],"wp:featuredmedia":[{"embeddable":true,"href":"https:\/\/www.visionweb.com.ar\/index.php?rest_route=\/wp\/v2\/media\/10994"}],"wp:attachment":[{"href":"https:\/\/www.visionweb.com.ar\/index.php?rest_route=%2Fwp%2Fv2%2Fmedia&parent=10993"}],"wp:term":[{"taxonomy":"category","embeddable":true,"href":"https:\/\/www.visionweb.com.ar\/index.php?rest_route=%2Fwp%2Fv2%2Fcategories&post=10993"},{"taxonomy":"post_tag","embeddable":true,"href":"https:\/\/www.visionweb.com.ar\/index.php?rest_route=%2Fwp%2Fv2%2Ftags&post=10993"}],"curies":[{"name":"wp","href":"https:\/\/api.w.org\/{rel}","templated":true}]}}