{"id":10991,"date":"2023-06-21T13:14:27","date_gmt":"2023-06-21T16:14:27","guid":{"rendered":"https:\/\/www.visionweb.com.ar\/?p=10991"},"modified":"2023-06-21T13:14:27","modified_gmt":"2023-06-21T16:14:27","slug":"came-fuerte-movimiento-turistico-y-menos-consumo-en-el-finde-largo","status":"publish","type":"post","link":"https:\/\/www.visionweb.com.ar\/?p=10991","title":{"rendered":"CAME: Fuerte movimiento tur\u00edstico y menos consumo en el finde largo"},"content":{"rendered":"<p><em><strong>En promedio,<\/strong> <strong>los turistas<\/strong> <strong>gastaron 13.894 pesos diarios por persona, un 2,9% menos que el mismo fin de semana en 2022.<\/strong><\/em><!--more--><\/p>\n<p><strong><img loading=\"lazy\" decoding=\"async\" class=\"size-medium wp-image-10795 alignright\" src=\"https:\/\/www.visionweb.com.ar\/wp-content\/uploads\/2023\/05\/CABRA-CORRAL-300x162.jpg\" alt=\"\" width=\"300\" height=\"162\" srcset=\"https:\/\/www.visionweb.com.ar\/wp-content\/uploads\/2023\/05\/CABRA-CORRAL-300x162.jpg 300w, https:\/\/www.visionweb.com.ar\/wp-content\/uploads\/2023\/05\/CABRA-CORRAL.jpg 640w\" sizes=\"auto, (max-width: 300px) 100vw, 300px\" \/>\u00a0\u00a0\u00a0\u00a0 L<\/strong>a Confederaci\u00f3n Argentina de la Mediana Empresa (CAME) inform\u00f3 hoy que <strong>durante este fin de semana largo de 4 d\u00edas, hubo m\u00e1s de 2 millones de turistas nacionales e internacionales que recorrieron el pa\u00eds y gastaron 106.197 millones de pesos, un 2,9% menos que el a\u00f1o pasado en la misma fecha.<\/strong><\/p>\n<p>Este porcentual de una retracci\u00f3n del <strong>\u00a02,9%<\/strong>, est\u00e1 medido a precios constantes, es decir, descontando el factor inflaci\u00f3n, remarc\u00f3\u00a0<a href=\"https:\/\/twitter.com\/redcame\">CAME<\/a>\u00a0en un comunicado.<\/p>\n<p>Los turistas desembolsaron, en promedio, 13.894 pesos diarios, es decir que<strong> gastaron en total \u00a0106.197 millones de pesos<\/strong>\u00a0en alimentos, bebidas, alojamiento, transporte, recreaci\u00f3n y compras<\/p>\n<p>Por su parte,\u00a0<strong>el programa PreViaje moviliz\u00f3 140.000 turistas y gener\u00f3 $ 10.070 millones en gastos durante el fin de semana largo<\/strong>\u00a0que combin\u00f3 los feriados por la conmemoraci\u00f3n del paso a la inmortalidad del Gral. Don Mart\u00edn Miguel de G\u00fcemes y del Gral. Manuel Belgrano.<\/p>\n<p>En lo que va del a\u00f1o, ya van seis fines de semana largos donde viajaron 11 millones de personas y gastaron $ 409.000 millones, destat\u00f3 CAME.<\/p>\n<p>El feriado de Carnaval de febrero \u00faltimo registr\u00f3 el mayor impacto econ\u00f3mico, con $ 106.704 millones, seguido por el reciente de junio, con $ 103.073 millones; Semana Santa, $ 95.957 millones; 25 de Mayo, $ 47.433 millones; 1\u00ba de Mayo, $ 29.109 millones; y D\u00eda de la Memoria, $ 26.467 millones. <strong>(VW)<\/strong><\/p>\n","protected":false},"excerpt":{"rendered":"<p>En promedio, los turistas gastaron 13.894 pesos diarios por persona, un 2,9% menos que el mismo fin de semana en 2022.<\/p>\n","protected":false},"author":4,"featured_media":10795,"comment_status":"closed","ping_status":"closed","sticky":false,"template":"","format":"standard","meta":{"_monsterinsights_skip_tracking":false,"_monsterinsights_sitenote_active":false,"_monsterinsights_sitenote_note":"","_monsterinsights_sitenote_category":0,"footnotes":""},"categories":[6,700],"tags":[309,1411,122],"class_list":["post-10991","post","type-post","status-publish","format-standard","has-post-thumbnail","hentry","category-economia","category-turismo","tag-came","tag-fin-de-semana-largo","tag-informe"],"_links":{"self":[{"href":"https:\/\/www.visionweb.com.ar\/index.php?rest_route=\/wp\/v2\/posts\/10991","targetHints":{"allow":["GET"]}}],"collection":[{"href":"https:\/\/www.visionweb.com.ar\/index.php?rest_route=\/wp\/v2\/posts"}],"about":[{"href":"https:\/\/www.visionweb.com.ar\/index.php?rest_route=\/wp\/v2\/types\/post"}],"author":[{"embeddable":true,"href":"https:\/\/www.visionweb.com.ar\/index.php?rest_route=\/wp\/v2\/users\/4"}],"replies":[{"embeddable":true,"href":"https:\/\/www.visionweb.com.ar\/index.php?rest_route=%2Fwp%2Fv2%2Fcomments&post=10991"}],"version-history":[{"count":1,"href":"https:\/\/www.visionweb.com.ar\/index.php?rest_route=\/wp\/v2\/posts\/10991\/revisions"}],"predecessor-version":[{"id":10992,"href":"https:\/\/www.visionweb.com.ar\/index.php?rest_route=\/wp\/v2\/posts\/10991\/revisions\/10992"}],"wp:featuredmedia":[{"embeddable":true,"href":"https:\/\/www.visionweb.com.ar\/index.php?rest_route=\/wp\/v2\/media\/10795"}],"wp:attachment":[{"href":"https:\/\/www.visionweb.com.ar\/index.php?rest_route=%2Fwp%2Fv2%2Fmedia&parent=10991"}],"wp:term":[{"taxonomy":"category","embeddable":true,"href":"https:\/\/www.visionweb.com.ar\/index.php?rest_route=%2Fwp%2Fv2%2Fcategories&post=10991"},{"taxonomy":"post_tag","embeddable":true,"href":"https:\/\/www.visionweb.com.ar\/index.php?rest_route=%2Fwp%2Fv2%2Ftags&post=10991"}],"curies":[{"name":"wp","href":"https:\/\/api.w.org\/{rel}","templated":true}]}}