{"id":10974,"date":"2023-06-19T14:27:27","date_gmt":"2023-06-19T17:27:27","guid":{"rendered":"https:\/\/www.visionweb.com.ar\/?p=10974"},"modified":"2023-06-19T14:27:27","modified_gmt":"2023-06-19T17:27:27","slug":"comenzara-el-llenado-del-gasoducto-nestor-kirchner-hasta-salliquelo","status":"publish","type":"post","link":"https:\/\/www.visionweb.com.ar\/?p=10974","title":{"rendered":"Comenzar\u00e1 el llenado del Gasoducto N\u00e9stor Kirchner hasta Salliquel\u00f3"},"content":{"rendered":"<p><em><strong>Se trata del primer tramo de casi 600 kil\u00f3metros entre Tratay\u00e9n y la localidad bonaerense de Salliquel\u00f3. La inauguraci\u00f3n oficial de este primer tramo est\u00e1 prevista para el 9 de julio pr\u00f3ximo. Estiman que el primer tramo representar\u00e1 u$s2.000 millones de ahorro.<\/strong><\/em><!--more--><\/p>\n<div id=\"attachment_10975\" style=\"width: 310px\" class=\"wp-caption alignright\"><img loading=\"lazy\" decoding=\"async\" aria-describedby=\"caption-attachment-10975\" class=\"wp-image-10975 size-medium\" src=\"https:\/\/www.visionweb.com.ar\/wp-content\/uploads\/2023\/06\/gasoduct-300x182.png\" alt=\"\" width=\"300\" height=\"182\" srcset=\"https:\/\/www.visionweb.com.ar\/wp-content\/uploads\/2023\/06\/gasoduct-300x182.png 300w, https:\/\/www.visionweb.com.ar\/wp-content\/uploads\/2023\/06\/gasoduct.png 350w\" sizes=\"auto, (max-width: 300px) 100vw, 300px\" \/><p id=\"caption-attachment-10975\" class=\"wp-caption-text\">Imagen: Argentina.gob.ar<\/p><\/div>\n<p><strong>\u00a0 M<\/strong>a\u00f1ana martes se dar\u00e1 inicio el llenado del\u00a0Gasoducto N\u00e9stor Kirchner con la apertura de la v\u00e1lvula instalada en Vaca Muerta, cuya puesta en marcha dar\u00e1 inicio en la localidad neuquina de Tratay\u00e9n y completar\u00e1 el\u00a0<strong>primer tramo de casi 600 kil\u00f3metros hasta la localidad bonaerense de Salliquel\u00f3.<\/strong><\/p>\n<p><strong>Se estima que el llenado tendr\u00e1 un plazo estimado de veinte d\u00edas <\/strong>y responde a procedimientos habituales en este tipo de sistemas, lo que involucra fases de barrido y presurizaci\u00f3n de las ca\u00f1er\u00edas de forma progresiva.<\/p>\n<p>El cronograma contempla que ma\u00f1ana martes se habilitar\u00e1 el tramo que va desde el kil\u00f3metro 0 de gasoducto hasta el kil\u00f3metro 29.<\/p>\n<p>Mientras el 25 de junio se habilitar\u00e1 el tramo que va desde el kil\u00f3metro 29 hasta el 61, a lo que se sumar\u00e1n cuatro etapas m\u00e1s hasta la habilitaci\u00f3n completa en Salliquel\u00f3.<\/p>\n<p><strong>En tanto, la inauguraci\u00f3n oficial del primer tramo del Gasoducto est\u00e1 prevista para el 9 de julio pr\u00f3ximo, una fecha con alto significado pol\u00edtico.<\/strong><\/p>\n<p><strong><img loading=\"lazy\" decoding=\"async\" class=\"size-full wp-image-10976 alignleft\" src=\"https:\/\/www.visionweb.com.ar\/wp-content\/uploads\/2023\/06\/gasod-2.png\" alt=\"\" width=\"297\" height=\"166\" \/>La obra: <\/strong>El Gasoducto N\u00e9stor Kirchner es considerado por el gobierno como la obra m\u00e1s importante en los \u00faltimos 50 a\u00f1os. Ser\u00e1 concretada en un plazo de 10 meses y atraviesa cuatro provincias.<\/p>\n<p>As\u00ed, desde la planta de tratamiento de gas en Tratayen (Neuqu\u00e9n), emplazada en el coraz\u00f3n de Vaca Muerta, pasa por R\u00edo Negro, La Pampa, hasta Salliquel\u00f3 en la provincia de Buenos Aires.<\/p>\n<p><strong>Se estima que el primer tramo representar\u00e1 u$s2.000 millones de ahorro en lo inmediato, <\/strong>un n\u00famero que estiman duplicar para el a\u00f1o siguiente, con una mejora fiscal de alrededor de u$s4.200 millones.<\/p>\n<p><strong>La primera etapa del Gasoducto: <\/strong>Durante la ejecuci\u00f3n de la primera etapa del Gasoducto, que se inici\u00f3 el 16 de noviembre del a\u00f1o pasado, en Salliquel\u00f3, provincia de Buenos Aires, se soldaron en promedio cinco kil\u00f3metros de ca\u00f1os por d\u00eda en los tres frentes de obra.<\/p>\n<p>Y por primera vez en el pa\u00eds, se utiliz\u00f3 el sistema de soldadoras autom\u00e1ticas que es la tecnolog\u00eda m\u00e1s avanzada a nivel mundial en la materia.<\/p>\n<p>L<strong>a traza troncal tiene 573 kil\u00f3metros desde Salliquel\u00f3 hasta su otro extremo en Tratay\u00e9n, Neuqu\u00e9n, y atraviesa, adem\u00e1s, las provincias de R\u00edo Negro y La Pampa. <\/strong><\/p>\n<p>Para su construcci\u00f3n fueron necesarios m\u00e1s de 47.700 ca\u00f1os de acero de 12 metros de largo, cuyo peso total es de, aproximadamente, 300.000 toneladas de ca\u00f1er\u00edas.<strong> (VW)<\/strong><\/p>\n","protected":false},"excerpt":{"rendered":"<p>Se trata del primer tramo de casi 600 kil\u00f3metros entre Tratay\u00e9n y la localidad bonaerense de Salliquel\u00f3. La inauguraci\u00f3n oficial de este primer tramo est\u00e1 prevista para el 9 de julio pr\u00f3ximo. Estiman que&#46;&#46;&#46;<\/p>\n","protected":false},"author":4,"featured_media":10976,"comment_status":"closed","ping_status":"closed","sticky":false,"template":"","format":"standard","meta":{"_monsterinsights_skip_tracking":false,"_monsterinsights_sitenote_active":false,"_monsterinsights_sitenote_note":"","_monsterinsights_sitenote_category":0,"footnotes":""},"categories":[8],"tags":[4560,2779,2781,2780],"class_list":["post-10974","post","type-post","status-publish","format-standard","has-post-thumbnail","hentry","category-interes-general","tag-comienzo","tag-gasoducto-nestor-kirchner","tag-salliquelo","tag-vaca-muerta"],"_links":{"self":[{"href":"https:\/\/www.visionweb.com.ar\/index.php?rest_route=\/wp\/v2\/posts\/10974","targetHints":{"allow":["GET"]}}],"collection":[{"href":"https:\/\/www.visionweb.com.ar\/index.php?rest_route=\/wp\/v2\/posts"}],"about":[{"href":"https:\/\/www.visionweb.com.ar\/index.php?rest_route=\/wp\/v2\/types\/post"}],"author":[{"embeddable":true,"href":"https:\/\/www.visionweb.com.ar\/index.php?rest_route=\/wp\/v2\/users\/4"}],"replies":[{"embeddable":true,"href":"https:\/\/www.visionweb.com.ar\/index.php?rest_route=%2Fwp%2Fv2%2Fcomments&post=10974"}],"version-history":[{"count":1,"href":"https:\/\/www.visionweb.com.ar\/index.php?rest_route=\/wp\/v2\/posts\/10974\/revisions"}],"predecessor-version":[{"id":10977,"href":"https:\/\/www.visionweb.com.ar\/index.php?rest_route=\/wp\/v2\/posts\/10974\/revisions\/10977"}],"wp:featuredmedia":[{"embeddable":true,"href":"https:\/\/www.visionweb.com.ar\/index.php?rest_route=\/wp\/v2\/media\/10976"}],"wp:attachment":[{"href":"https:\/\/www.visionweb.com.ar\/index.php?rest_route=%2Fwp%2Fv2%2Fmedia&parent=10974"}],"wp:term":[{"taxonomy":"category","embeddable":true,"href":"https:\/\/www.visionweb.com.ar\/index.php?rest_route=%2Fwp%2Fv2%2Fcategories&post=10974"},{"taxonomy":"post_tag","embeddable":true,"href":"https:\/\/www.visionweb.com.ar\/index.php?rest_route=%2Fwp%2Fv2%2Ftags&post=10974"}],"curies":[{"name":"wp","href":"https:\/\/api.w.org\/{rel}","templated":true}]}}