{"id":10971,"date":"2023-06-19T13:31:11","date_gmt":"2023-06-19T16:31:11","guid":{"rendered":"https:\/\/www.visionweb.com.ar\/?p=10971"},"modified":"2023-06-19T13:31:11","modified_gmt":"2023-06-19T16:31:11","slug":"futbol-primera-b-talleres-de-remedios-de-escalada-recibe-hoy-a-argentino-de-quilmes","status":"publish","type":"post","link":"https:\/\/www.visionweb.com.ar\/?p=10971","title":{"rendered":"F\u00fatbol Primera B: Talleres de Remedios de Escalada recibe hoy a Argentino de Quilmes"},"content":{"rendered":"<p><em><strong>Talleres se enfrentar\u00e1 al Mate en un relevante partido, ya que ambos vienen de victorias recientes.<\/strong><\/em><!--more--><\/p>\n<div id=\"attachment_10972\" style=\"width: 298px\" class=\"wp-caption alignright\"><img loading=\"lazy\" decoding=\"async\" aria-describedby=\"caption-attachment-10972\" class=\"wp-image-10972 size-full\" src=\"https:\/\/www.visionweb.com.ar\/wp-content\/uploads\/2023\/06\/clu-talle.png\" alt=\"\" width=\"288\" height=\"143\" \/><p id=\"caption-attachment-10972\" class=\"wp-caption-text\">Estadio Pablo Comelli de Remedios de Escalada. Foto: Internet<\/p><\/div>\n<p><strong> \u00a0 E<\/strong>ste lunes a partir de las 15.30,<strong> Talleres recibir\u00e1 a Argentino de Quilmes,\u00a0en el Pablo Comelli de Remedios de Escalada, por la segunda fecha del Torneo Clausura 2023 de la Primera B.<\/strong><\/p>\n<p>El Albirrojo\u00a0<strong>gan\u00f3 el cl\u00e1sico ante Los Andes, y tendr\u00e1 hoy enfrente al Mate, que tambi\u00e9n debut\u00f3 con un triunfo\u00a0<\/strong>en el Clausura, con lo cual ambos buscar\u00e1n consolidar su posici\u00f3n en la tabla general.<\/p>\n<p>Actualmente,\u00a0Talleres Remedios de Escalada\u00a0est\u00e1 en 5\u00ba posici\u00f3n, mientras que\u00a0Argentino de Quilmes\u00a0mantiene la 1\u00ba posici\u00f3n.<\/p>\n<p>El partido ser\u00e1 arbitrado por Nicol\u00e1s Kresta, quien estar\u00e1 acompa\u00f1ado por Leonardo Frega y Natalio Pab\u00f3n como asistentes y tambi\u00e9n por Diego Torres.<\/p>\n<p><strong>Qui\u00e9n se suma al equipo:<\/strong> Talleres concret\u00f3 el arribo del\u00a0atacante<strong> Rodrigo Cao, quien llega tras rescindir contrato con Quilmes y cuenta con un paso el a\u00f1o pasado por Villa San Carlos.<\/strong><\/p>\n<p>El centrodelantero, oriundo de <strong>Trenque Lauquen<\/strong>, se convirti\u00f3 en el tercer refuerzo del Albirrojo, luego de firmar su v\u00ednculo por un a\u00f1o y medio, a horas del cierre del libro de pases intermedio, programado para este jueves a las 20.<\/p>\n<p>Cao tiene 22 a\u00f1os y lleg\u00f3 a Quilmes, en 2019, desde donde fue cedido a pr\u00e9stamo a Villa San Carlos. De regreso en el Cervecero no encontr\u00f3 lugar y decidi\u00f3 emigrar.\u00a0<strong>A lo largo de su carrera, jug\u00f3 34 partidos; y marc\u00f3 cuatro goles.<\/strong><\/p>\n<p>El arribo de Cao se suma a las llegadas del mediocampista <strong>Agust\u00edn Campana<\/strong> y del extremo <strong>Ciro Campuzano<\/strong>.\u00a0Y no se descarta la llegada de alg\u00fan otro jugador. <strong>(VW)<\/strong><\/p>\n","protected":false},"excerpt":{"rendered":"<p>Talleres se enfrentar\u00e1 al Mate en un relevante partido, ya que ambos vienen de victorias recientes.<\/p>\n","protected":false},"author":4,"featured_media":10972,"comment_status":"closed","ping_status":"closed","sticky":false,"template":"","format":"standard","meta":{"_monsterinsights_skip_tracking":false,"_monsterinsights_sitenote_active":false,"_monsterinsights_sitenote_note":"","_monsterinsights_sitenote_category":0,"footnotes":""},"categories":[8],"tags":[4557,4558,4559],"class_list":["post-10971","post","type-post","status-publish","format-standard","has-post-thumbnail","hentry","category-interes-general","tag-futbo","tag-primera-b","tag-talleres-de-remedios-de-escalada"],"_links":{"self":[{"href":"https:\/\/www.visionweb.com.ar\/index.php?rest_route=\/wp\/v2\/posts\/10971","targetHints":{"allow":["GET"]}}],"collection":[{"href":"https:\/\/www.visionweb.com.ar\/index.php?rest_route=\/wp\/v2\/posts"}],"about":[{"href":"https:\/\/www.visionweb.com.ar\/index.php?rest_route=\/wp\/v2\/types\/post"}],"author":[{"embeddable":true,"href":"https:\/\/www.visionweb.com.ar\/index.php?rest_route=\/wp\/v2\/users\/4"}],"replies":[{"embeddable":true,"href":"https:\/\/www.visionweb.com.ar\/index.php?rest_route=%2Fwp%2Fv2%2Fcomments&post=10971"}],"version-history":[{"count":1,"href":"https:\/\/www.visionweb.com.ar\/index.php?rest_route=\/wp\/v2\/posts\/10971\/revisions"}],"predecessor-version":[{"id":10973,"href":"https:\/\/www.visionweb.com.ar\/index.php?rest_route=\/wp\/v2\/posts\/10971\/revisions\/10973"}],"wp:featuredmedia":[{"embeddable":true,"href":"https:\/\/www.visionweb.com.ar\/index.php?rest_route=\/wp\/v2\/media\/10972"}],"wp:attachment":[{"href":"https:\/\/www.visionweb.com.ar\/index.php?rest_route=%2Fwp%2Fv2%2Fmedia&parent=10971"}],"wp:term":[{"taxonomy":"category","embeddable":true,"href":"https:\/\/www.visionweb.com.ar\/index.php?rest_route=%2Fwp%2Fv2%2Fcategories&post=10971"},{"taxonomy":"post_tag","embeddable":true,"href":"https:\/\/www.visionweb.com.ar\/index.php?rest_route=%2Fwp%2Fv2%2Ftags&post=10971"}],"curies":[{"name":"wp","href":"https:\/\/api.w.org\/{rel}","templated":true}]}}