{"id":10967,"date":"2023-06-19T18:47:59","date_gmt":"2023-06-19T21:47:59","guid":{"rendered":"https:\/\/www.visionweb.com.ar\/?p=10967"},"modified":"2023-06-19T18:47:59","modified_gmt":"2023-06-19T21:47:59","slug":"el-frente-renovador-bonaerense-avalo-el-reglamento-electoral-de-la-nueva-denominacion-del-oficialismo","status":"publish","type":"post","link":"https:\/\/www.visionweb.com.ar\/?p=10967","title":{"rendered":"El Frente Renovador bonaerense aval\u00f3 el reglamento electoral de la nueva denominaci\u00f3n del oficialismo"},"content":{"rendered":"<p><em><strong>La ratificaci\u00f3n de la integraci\u00f3n del Frente Renovador (FR) a Unidos por las Patria,\u00a0 nombre que desde ahora reemplazara al Frente de Todos, fue publicada en twitter por sus referentes.<\/strong><\/em>\u00a0<!--more--><\/p>\n<p><strong><img loading=\"lazy\" decoding=\"async\" class=\"size-medium wp-image-10978 alignright\" src=\"https:\/\/www.visionweb.com.ar\/wp-content\/uploads\/2023\/06\/JEPBA-300x169.png\" alt=\"\" width=\"300\" height=\"169\" srcset=\"https:\/\/www.visionweb.com.ar\/wp-content\/uploads\/2023\/06\/JEPBA-300x169.png 300w, https:\/\/www.visionweb.com.ar\/wp-content\/uploads\/2023\/06\/JEPBA.png 640w\" sizes=\"auto, (max-width: 300px) 100vw, 300px\" \/>E<\/strong>l Frente Renovador de la provincia de Buenos Aires aval\u00f3 con la firma de sus apoderados la nueva reglamentaci\u00f3n y el articulado que dio origen a la agrupaci\u00f3n denominada \u00abUnidos por la Patria\u00bb.<\/p>\n<p>De este modo, la pata peronista del Massismo, se integr\u00f3 a la nueva agrupaci\u00f3n pol\u00edtica, que competir\u00e1 en las pr\u00f3ximas elecciones\u00a0 Primarias Abiertas, Simult\u00e1neas y Obligatorias (PASO) el pr\u00f3ximo 13 de agosto.<\/p>\n<p>El Frente Renovador, que en el distrito de Lan\u00fas lleva como principal referente al diputado bonaerense Nicol\u00e1s Russo, con su aval acepto la totalidad del articulado, que regir\u00e1 a la organizaci\u00f3n pol\u00edtica en las pr\u00f3ximas elecciones, incluido la distribuci\u00f3n de cargos y lugares en las lsitas.<\/p>\n<p>La noticia fue comunicada en las \u00faltimas horas por el propio FR en un twitter y, llam\u00f3 a evitar las maniobras medi\u00e1ticas con afirmaciones falsas que desconocen los acuerdos celebrados que \u00abno resulta sano para nuestro espacio pol\u00edtico, y sobre todo por la unidad que necesita la Argentina, sobre todo en un momento tan delicado que nos toca atravesar, donde todas las energ\u00edas debe enfocarse en resolver los problemas de nuestros ciudadanos\u00bb, consign\u00f3 el FR en twitter.<\/p>\n<p>El documento que se difundi\u00f3 atrav\u00e9s de la red social fue firmado por el presidente del FR, Buenos Aires, Rub\u00e9n Eslaiman y Sofia Vanelli, vicepresidenta de la agrupaci\u00f3n pol\u00edtica. <strong>(VW)<\/strong><\/p>\n<p>&nbsp;<\/p>\n<p>&nbsp;<\/p>\n","protected":false},"excerpt":{"rendered":"<p>La ratificaci\u00f3n de la integraci\u00f3n del Frente Renovador (FR) a Unidos por las Patria,\u00a0 nombre que desde ahora reemplazara al Frente de Todos, fue publicada en twitter por sus referentes.\u00a0<\/p>\n","protected":false},"author":3,"featured_media":10978,"comment_status":"closed","ping_status":"closed","sticky":false,"template":"","format":"standard","meta":{"_monsterinsights_skip_tracking":false,"_monsterinsights_sitenote_active":false,"_monsterinsights_sitenote_note":"","_monsterinsights_sitenote_category":0,"footnotes":""},"categories":[4],"tags":[4563,4562,340,4561],"class_list":["post-10967","post","type-post","status-publish","format-standard","has-post-thumbnail","hentry","category-politica","tag-articulado","tag-codigo","tag-elecciones","tag-frente-renovador"],"_links":{"self":[{"href":"https:\/\/www.visionweb.com.ar\/index.php?rest_route=\/wp\/v2\/posts\/10967","targetHints":{"allow":["GET"]}}],"collection":[{"href":"https:\/\/www.visionweb.com.ar\/index.php?rest_route=\/wp\/v2\/posts"}],"about":[{"href":"https:\/\/www.visionweb.com.ar\/index.php?rest_route=\/wp\/v2\/types\/post"}],"author":[{"embeddable":true,"href":"https:\/\/www.visionweb.com.ar\/index.php?rest_route=\/wp\/v2\/users\/3"}],"replies":[{"embeddable":true,"href":"https:\/\/www.visionweb.com.ar\/index.php?rest_route=%2Fwp%2Fv2%2Fcomments&post=10967"}],"version-history":[{"count":1,"href":"https:\/\/www.visionweb.com.ar\/index.php?rest_route=\/wp\/v2\/posts\/10967\/revisions"}],"predecessor-version":[{"id":10979,"href":"https:\/\/www.visionweb.com.ar\/index.php?rest_route=\/wp\/v2\/posts\/10967\/revisions\/10979"}],"wp:featuredmedia":[{"embeddable":true,"href":"https:\/\/www.visionweb.com.ar\/index.php?rest_route=\/wp\/v2\/media\/10978"}],"wp:attachment":[{"href":"https:\/\/www.visionweb.com.ar\/index.php?rest_route=%2Fwp%2Fv2%2Fmedia&parent=10967"}],"wp:term":[{"taxonomy":"category","embeddable":true,"href":"https:\/\/www.visionweb.com.ar\/index.php?rest_route=%2Fwp%2Fv2%2Fcategories&post=10967"},{"taxonomy":"post_tag","embeddable":true,"href":"https:\/\/www.visionweb.com.ar\/index.php?rest_route=%2Fwp%2Fv2%2Ftags&post=10967"}],"curies":[{"name":"wp","href":"https:\/\/api.w.org\/{rel}","templated":true}]}}