{"id":10963,"date":"2023-06-16T11:06:15","date_gmt":"2023-06-16T14:06:15","guid":{"rendered":"https:\/\/www.visionweb.com.ar\/?p=10963"},"modified":"2023-06-16T11:06:15","modified_gmt":"2023-06-16T14:06:15","slug":"paritarias-el-pedido-de-los-gremios-para-la-proxima-reunion","status":"publish","type":"post","link":"https:\/\/www.visionweb.com.ar\/?p=10963","title":{"rendered":"Paritarias: El pedido de los gremios para la pr\u00f3xima reuni\u00f3n"},"content":{"rendered":"<p><em><strong>El gobierno de la provincia de Buenos Aires volvi\u00f3 a abrir las negociaciones paritarias a los sindicatos de estatales, que reclaman una diferencia de 2 puntos porcentuales.<\/strong><\/em><!--more--><\/p>\n<p><img loading=\"lazy\" decoding=\"async\" class=\"size-full wp-image-10964 alignright\" src=\"https:\/\/www.visionweb.com.ar\/wp-content\/uploads\/2023\/06\/dip.-upcn.png\" alt=\"\" width=\"272\" height=\"149\" \/>\u00a0 <strong>E<\/strong>l gobierno de la provincia de Buenos Aires volvi\u00f3 a convocar a negociaciones\u00a0<strong>paritarias<\/strong>\u00a0con los estatales. Ser\u00e1 el jueves 22 de junio a las 13 y girar\u00e1 en torno al tema econ\u00f3mico por la alta inflaci\u00f3n.<\/p>\n<p>Durante el \u00faltimo encuentro del mes pasado, con un porcentual de inflaci\u00f3n de 8,4%, result\u00f3 que los acuerdo salariales sellados hasta el momento quedaron atrasados.<\/p>\n<p><strong>Es decir, que existe una diferencia entre la inflaci\u00f3n acumulada entre enero y mayo (42,2%) y el incremento de sueldos acordado (40% hasta junio)<\/strong>.<\/p>\n<p>En ese sentido, el secretario gremial de la seccional bonaerense de UPCN,\u00a0<strong>Juan Pablo Mart\u00edn Oyarz\u00e1bal<\/strong>,\u00a0 indic\u00f3 que justamente es ese 2% el que ir\u00e1n a reclamar a la administraci\u00f3n de\u00a0<strong>Axel Kicillof<\/strong>.<\/p>\n<p>\u00abTenemos que discutir el 2% de p\u00e9rdida salarial del mes pasado, m\u00e1s lo que estimamos que va a ser este a\u00f1o y cuanto antes tener alguna instancia de revisi\u00f3n\u00bb, declar\u00f3.<\/p>\n<p>El dirigente reconoci\u00f3 que\u00a0<strong>reunirse con tanta frecuencia para actualizar los salarios obliga a postergar otras problem\u00e1ticas<\/strong>\u00a0de los estatales. Seg\u00fan Oyarz\u00e1bal, lo deseable es firmar un acuerdo paritario a principio de a\u00f1o y usar los meses restantes \u00abpara discutir otras cuestiones\u00bb. \u00abLa verdad que es una utop\u00eda hoy\u00bb, afirm\u00f3.<\/p>\n<p>A pesar de esto, cont\u00f3 que\u00a0<strong>seguir\u00e1n planteando la necesidad de firmar acuerdos \u00abmuy cortos\u00bb para poder revisarlos<\/strong>\u00a0si quedan rezagados.<\/p>\n<p>De esta manera el jueves pr\u00f3ximo se reunir\u00e1 la mesa de negociaciones paritarias del Estado bonaerense, y se espera que este primer encuentro sea para analizar los n\u00fameros. El nuevo acuerdo podr\u00eda sellarse en un segundo encuentro. <strong>(VW)<\/strong><\/p>\n","protected":false},"excerpt":{"rendered":"<p>El gobierno de la provincia de Buenos Aires volvi\u00f3 a abrir las negociaciones paritarias a los sindicatos de estatales, que reclaman una diferencia de 2 puntos porcentuales.<\/p>\n","protected":false},"author":4,"featured_media":10964,"comment_status":"closed","ping_status":"closed","sticky":false,"template":"","format":"standard","meta":{"_monsterinsights_skip_tracking":false,"_monsterinsights_sitenote_active":false,"_monsterinsights_sitenote_note":"","_monsterinsights_sitenote_category":0,"footnotes":""},"categories":[4,5],"tags":[4554,158,3054],"class_list":["post-10963","post","type-post","status-publish","format-standard","has-post-thumbnail","hentry","category-politica","category-sociedad","tag-gobierno-bonaerense","tag-paritarias","tag-upcn"],"_links":{"self":[{"href":"https:\/\/www.visionweb.com.ar\/index.php?rest_route=\/wp\/v2\/posts\/10963","targetHints":{"allow":["GET"]}}],"collection":[{"href":"https:\/\/www.visionweb.com.ar\/index.php?rest_route=\/wp\/v2\/posts"}],"about":[{"href":"https:\/\/www.visionweb.com.ar\/index.php?rest_route=\/wp\/v2\/types\/post"}],"author":[{"embeddable":true,"href":"https:\/\/www.visionweb.com.ar\/index.php?rest_route=\/wp\/v2\/users\/4"}],"replies":[{"embeddable":true,"href":"https:\/\/www.visionweb.com.ar\/index.php?rest_route=%2Fwp%2Fv2%2Fcomments&post=10963"}],"version-history":[{"count":1,"href":"https:\/\/www.visionweb.com.ar\/index.php?rest_route=\/wp\/v2\/posts\/10963\/revisions"}],"predecessor-version":[{"id":10965,"href":"https:\/\/www.visionweb.com.ar\/index.php?rest_route=\/wp\/v2\/posts\/10963\/revisions\/10965"}],"wp:featuredmedia":[{"embeddable":true,"href":"https:\/\/www.visionweb.com.ar\/index.php?rest_route=\/wp\/v2\/media\/10964"}],"wp:attachment":[{"href":"https:\/\/www.visionweb.com.ar\/index.php?rest_route=%2Fwp%2Fv2%2Fmedia&parent=10963"}],"wp:term":[{"taxonomy":"category","embeddable":true,"href":"https:\/\/www.visionweb.com.ar\/index.php?rest_route=%2Fwp%2Fv2%2Fcategories&post=10963"},{"taxonomy":"post_tag","embeddable":true,"href":"https:\/\/www.visionweb.com.ar\/index.php?rest_route=%2Fwp%2Fv2%2Ftags&post=10963"}],"curies":[{"name":"wp","href":"https:\/\/api.w.org\/{rel}","templated":true}]}}