{"id":10960,"date":"2023-06-16T10:46:04","date_gmt":"2023-06-16T13:46:04","guid":{"rendered":"https:\/\/www.visionweb.com.ar\/?p=10960"},"modified":"2023-06-16T10:46:04","modified_gmt":"2023-06-16T13:46:04","slug":"diputados-quieren-incorporar-la-figura-de-violencia-digital","status":"publish","type":"post","link":"https:\/\/www.visionweb.com.ar\/?p=10960","title":{"rendered":"Diputados: Quieren incorporar la figura de \u201cviolencia digital\u201d"},"content":{"rendered":"<p><em><strong>El proyecto avanza en la C\u00e1mara de Diputados de la Naci\u00f3n para modificar la Ley de Protecci\u00f3n Integral a las Mujeres. La iniciativa qued\u00f3 en condiciones de ser tratada en el recinto.<\/strong><\/em><!--more--><\/p>\n<p><strong><img loading=\"lazy\" decoding=\"async\" class=\"size-medium wp-image-10961 alignright\" src=\"https:\/\/www.visionweb.com.ar\/wp-content\/uploads\/2023\/06\/diptados-300x153.png\" alt=\"\" width=\"300\" height=\"153\" srcset=\"https:\/\/www.visionweb.com.ar\/wp-content\/uploads\/2023\/06\/diptados-300x153.png 300w, https:\/\/www.visionweb.com.ar\/wp-content\/uploads\/2023\/06\/diptados.png 309w\" sizes=\"auto, (max-width: 300px) 100vw, 300px\" \/>\u00a0\u00a0 L<\/strong>a Comisi\u00f3n de Comunicaciones e Inform\u00e1tica, presidida por el diputado<strong>\u00a0Jos\u00e9 Pablo Carro<\/strong>\u00a0(FdT), emiti\u00f3 dictamen de consenso al proyecto que acata la modificaci\u00f3n de la Ley 26.485 sobre <strong>Protecci\u00f3n Integral para prevenir, sancionar y erradicar la violencia contra las Mujeres, <\/strong>\u00a0para incorporar la figura de la <strong>\u00abviolencia digital\u00bb<\/strong> como una modalidad de violencia.<\/p>\n<p>Seg\u00fan los fundamentos de la norma,\u00a0<strong>se conoce como \u201cViolencia Digital o en L\u00ednea\u201d a aquella que se ejerce mediante el uso de las tecnolog\u00edas de la informaci\u00f3n y la comunicaci\u00f3n (TIC), y que \u00abimplique la obtenci\u00f3n, reproducci\u00f3n y difusi\u00f3n por cualquier medio de datos personales, material digital real o simulado, \u00edntimo o de desnudez de las mujeres, sin su consentimiento<\/strong>, discursos de odio de g\u00e9nero, patrones estereotipados sexistas, o que impliquen situaciones de acoso, amenaza, extorsi\u00f3n o control virtual, o acciones que atenten contra la integridad sexual o identidad digital de las mujeres a trav\u00e9s de las TIC, as\u00ed como cualquier otra que pueda surgir a futuro ejercida por este medio, que afecte los derechos protegidos de la presente ley\u00bb.<\/p>\n<p>Al respecto, la vicepresidenta primera de la Comisi\u00f3n, diputada\u00a0<strong>Karina Banfi\u00a0<\/strong>(UCR) destac\u00f3 que \u201cel proyecto es una apuesta muy importante\u201d, al se\u00f1alar la \u201cnecesidad de que haya un marco regulatorio en Argentina\u201d, ya que -a\u00f1adi\u00f3- \u201ces una necesidad imperiosa para poder darle tratamiento al acoso y a los delitos que se cometen contra las mujeres a trav\u00e9s de las plataformas digitales\u201d.<\/p>\n<p>A su turno, la diputada\u00a0<strong>Silvana Ginocchio<\/strong>\u00a0(FdT) manifest\u00f3 que \u201ceste proyecto aborda un problema que es de enorme gravedad, y que afecta m\u00e1s a las mujeres\u201d. \u201cEsta violencia digital conlleva violaciones a los derechos humanos e impide el empoderamiento de las mujeres\u201d, enfatiz\u00f3.<\/p>\n<p>En la misma l\u00ednea, la vicepresidenta segunda de la Comisi\u00f3n,<strong>\u00a0Florencia Lampreabe<\/strong>\u00a0(FdT), remarc\u00f3 la importancia de \u201cincluir a la violencia digital como una tipificaci\u00f3n en el marco de las violencias contra las mujeres\u201d. Y en ese sentido, consider\u00f3: \u201cTenemos que trabajar en una regulaci\u00f3n de las plataformas digitales\u201d.<\/p>\n<p>La iniciativa, que cuenta con el aval de la Comisi\u00f3n de Mujeres y Diversidad,\u00a0<strong>queda en condiciones de ser tratada en el recinto<\/strong>. <strong>(VW)<\/strong><\/p>\n","protected":false},"excerpt":{"rendered":"<p>El proyecto avanza en la C\u00e1mara de Diputados de la Naci\u00f3n para modificar la Ley de Protecci\u00f3n Integral a las Mujeres. La iniciativa qued\u00f3 en condiciones de ser tratada en el recinto.<\/p>\n","protected":false},"author":4,"featured_media":10961,"comment_status":"closed","ping_status":"closed","sticky":false,"template":"","format":"standard","meta":{"_monsterinsights_skip_tracking":false,"_monsterinsights_sitenote_active":false,"_monsterinsights_sitenote_note":"","_monsterinsights_sitenote_category":0,"footnotes":""},"categories":[8,4,5],"tags":[2722,1913,4553],"class_list":["post-10960","post","type-post","status-publish","format-standard","has-post-thumbnail","hentry","category-interes-general","category-politica","category-sociedad","tag-camara-de-diputados","tag-dictamen","tag-violencia-digital"],"_links":{"self":[{"href":"https:\/\/www.visionweb.com.ar\/index.php?rest_route=\/wp\/v2\/posts\/10960","targetHints":{"allow":["GET"]}}],"collection":[{"href":"https:\/\/www.visionweb.com.ar\/index.php?rest_route=\/wp\/v2\/posts"}],"about":[{"href":"https:\/\/www.visionweb.com.ar\/index.php?rest_route=\/wp\/v2\/types\/post"}],"author":[{"embeddable":true,"href":"https:\/\/www.visionweb.com.ar\/index.php?rest_route=\/wp\/v2\/users\/4"}],"replies":[{"embeddable":true,"href":"https:\/\/www.visionweb.com.ar\/index.php?rest_route=%2Fwp%2Fv2%2Fcomments&post=10960"}],"version-history":[{"count":1,"href":"https:\/\/www.visionweb.com.ar\/index.php?rest_route=\/wp\/v2\/posts\/10960\/revisions"}],"predecessor-version":[{"id":10962,"href":"https:\/\/www.visionweb.com.ar\/index.php?rest_route=\/wp\/v2\/posts\/10960\/revisions\/10962"}],"wp:featuredmedia":[{"embeddable":true,"href":"https:\/\/www.visionweb.com.ar\/index.php?rest_route=\/wp\/v2\/media\/10961"}],"wp:attachment":[{"href":"https:\/\/www.visionweb.com.ar\/index.php?rest_route=%2Fwp%2Fv2%2Fmedia&parent=10960"}],"wp:term":[{"taxonomy":"category","embeddable":true,"href":"https:\/\/www.visionweb.com.ar\/index.php?rest_route=%2Fwp%2Fv2%2Fcategories&post=10960"},{"taxonomy":"post_tag","embeddable":true,"href":"https:\/\/www.visionweb.com.ar\/index.php?rest_route=%2Fwp%2Fv2%2Ftags&post=10960"}],"curies":[{"name":"wp","href":"https:\/\/api.w.org\/{rel}","templated":true}]}}