{"id":10959,"date":"2023-06-16T11:10:18","date_gmt":"2023-06-16T14:10:18","guid":{"rendered":"https:\/\/www.visionweb.com.ar\/?p=10959"},"modified":"2023-06-16T11:42:55","modified_gmt":"2023-06-16T14:42:55","slug":"elecciones-el-estado-destinara-5000-millones-de-pesos","status":"publish","type":"post","link":"https:\/\/www.visionweb.com.ar\/?p=10959","title":{"rendered":"Elecciones: El Estado destinar\u00e1 5000 millones de pesos"},"content":{"rendered":"<p><em><strong>Ser\u00e1 para el financiamiento de las campa\u00f1as de los partidos pol\u00edticos\u00a0 para las PASO y las generales de octubre.<\/strong><\/em> <!--more--><\/p>\n<p><strong><img loading=\"lazy\" decoding=\"async\" class=\"size-full wp-image-10633 alignright\" src=\"https:\/\/www.visionweb.com.ar\/wp-content\/uploads\/2023\/05\/elecciones.png\" alt=\"\" width=\"240\" height=\"135\" \/>E<\/strong>l Gobierno dio a conocer los montos globales de los aportes que el Estado nacional destinar\u00e1\u00a0 para el financiamiento de las campa\u00f1as electorales de los partidos pol\u00edticos que se presentar\u00e1n en las primarias abiertas, simult\u00e1neas y obligatorias (PASO) del 13 de agosto.<\/p>\n<p>Tambi\u00e9n inform\u00f3 sobre los recursos que se destinar\u00e1n a las elecciones generales del 22 de octubre. Un n\u00famero que <strong>totaliza, en principio de la suma de $5.060.000.000.\u00a0<\/strong><\/p>\n<p>La medida fue dispuesta mediante la\u00a0<a href=\"https:\/\/www.boletinoficial.gob.ar\/detalleAviso\/primera\/288424\/20230615\" target=\"_blank\" rel=\"noopener\">Resoluci\u00f3n 92\/2023<\/a>\u00a0publicada este jueves en el Bolet\u00edn Oficial,\u00a0<strong>firmada por el ministro del Interior, Eduardo de Pedro\u00a0<\/strong>quien, adem\u00e1s, se perfila para participar de las PASO como precandidato a presidente por el oficialismo.<\/p>\n<p>En las PASO,\u00a0<strong>la cifra ser\u00e1 de $650.000.000 para quienes aspiren a los cargos de presidente y vice<\/strong>, al igual que los dirigentes que se presenten a la categor\u00eda de diputados y diputadas nacionales.<\/p>\n<p>En tanto, para los postulantes a los cargos de senadores nacionales\u00a0<strong>se destinar\u00e1 un fondo colaborativo de $325.000.000\u00a0<\/strong>y para los postulantes a convertirse en parlamentarios\u00a0<strong>del Mercosur se distribuir\u00e1n $65.000.000,\u00a0<\/strong>tanto para el grupo representante a nivel nacional, como para los que se ubiquen en distritos regionales, precisa la normativa.Para octubre<\/p>\n<p>En cuanto a los aportes que se repartir\u00e1n entre los frentes pol\u00edticos que participen de las elecciones generales que se celebrar\u00e1n el 22 de octubre, el monto\u00a0<strong>se incrementar\u00e1 a $1.300.000.000 para las categor\u00edas a presidente y vice, y diputados nacionales.<\/strong><\/p>\n<p>En el caso de los dirigentes que competir\u00e1n por las bancas en la\u00a0<strong>C\u00e1mara de Senadores, la cifra aumentar\u00e1 hasta $650.000.000.<\/strong><\/p>\n<p>Por su parte, los candidatos al\u00a0<strong>Parlamento del Mercosur recibir\u00e1n una contribuci\u00f3n de $130.000.000\u00a0<\/strong>y los que aspiren a ser parte del organismo a nivel regional percibir\u00e1n el mismo aumento en cuanto a los aportes estatales<strong>(VW)<\/strong>.<\/p>\n","protected":false},"excerpt":{"rendered":"<p>Ser\u00e1 para el financiamiento de las campa\u00f1as de los partidos pol\u00edticos\u00a0 para las PASO y las generales de octubre.<\/p>\n","protected":false},"author":3,"featured_media":10633,"comment_status":"closed","ping_status":"closed","sticky":false,"template":"","format":"standard","meta":{"_monsterinsights_skip_tracking":false,"_monsterinsights_sitenote_active":false,"_monsterinsights_sitenote_note":"","_monsterinsights_sitenote_category":0,"footnotes":""},"categories":[4],"tags":[340,1010,4555],"class_list":["post-10959","post","type-post","status-publish","format-standard","has-post-thumbnail","hentry","category-politica","tag-elecciones","tag-fondos","tag-partidos-politicos"],"_links":{"self":[{"href":"https:\/\/www.visionweb.com.ar\/index.php?rest_route=\/wp\/v2\/posts\/10959","targetHints":{"allow":["GET"]}}],"collection":[{"href":"https:\/\/www.visionweb.com.ar\/index.php?rest_route=\/wp\/v2\/posts"}],"about":[{"href":"https:\/\/www.visionweb.com.ar\/index.php?rest_route=\/wp\/v2\/types\/post"}],"author":[{"embeddable":true,"href":"https:\/\/www.visionweb.com.ar\/index.php?rest_route=\/wp\/v2\/users\/3"}],"replies":[{"embeddable":true,"href":"https:\/\/www.visionweb.com.ar\/index.php?rest_route=%2Fwp%2Fv2%2Fcomments&post=10959"}],"version-history":[{"count":1,"href":"https:\/\/www.visionweb.com.ar\/index.php?rest_route=\/wp\/v2\/posts\/10959\/revisions"}],"predecessor-version":[{"id":10966,"href":"https:\/\/www.visionweb.com.ar\/index.php?rest_route=\/wp\/v2\/posts\/10959\/revisions\/10966"}],"wp:featuredmedia":[{"embeddable":true,"href":"https:\/\/www.visionweb.com.ar\/index.php?rest_route=\/wp\/v2\/media\/10633"}],"wp:attachment":[{"href":"https:\/\/www.visionweb.com.ar\/index.php?rest_route=%2Fwp%2Fv2%2Fmedia&parent=10959"}],"wp:term":[{"taxonomy":"category","embeddable":true,"href":"https:\/\/www.visionweb.com.ar\/index.php?rest_route=%2Fwp%2Fv2%2Fcategories&post=10959"},{"taxonomy":"post_tag","embeddable":true,"href":"https:\/\/www.visionweb.com.ar\/index.php?rest_route=%2Fwp%2Fv2%2Ftags&post=10959"}],"curies":[{"name":"wp","href":"https:\/\/api.w.org\/{rel}","templated":true}]}}