{"id":10953,"date":"2023-06-15T21:17:32","date_gmt":"2023-06-16T00:17:32","guid":{"rendered":"https:\/\/www.visionweb.com.ar\/?p=10953"},"modified":"2023-06-15T21:17:32","modified_gmt":"2023-06-16T00:17:32","slug":"elecciones-2023-las-alianzas-que-competiran-y-sus-conformaciones","status":"publish","type":"post","link":"https:\/\/www.visionweb.com.ar\/?p=10953","title":{"rendered":"Elecciones 2023: Las alianzas que competir\u00e1n y sus conformaciones"},"content":{"rendered":"<p><em><strong>Las diferentes fuerzas presentaron la composici\u00f3n de sus alianzas para las PASO del 13 de agosto y \u00a0las elecciones generales del 22 de octubre.<\/strong><\/em><!--more--><\/p>\n<p><strong> <img loading=\"lazy\" decoding=\"async\" class=\"size-full wp-image-10875 alignright\" src=\"https:\/\/www.visionweb.com.ar\/wp-content\/uploads\/2023\/06\/argentina.gob_.ar_.png\" alt=\"\" width=\"275\" height=\"183\" \/>\u00a0 L<\/strong>as definiciones\u00a0llegaron en las \u00faltimas horas del mi\u00e9rcoles<strong>,\u00a0<\/strong>al filo de la expiraci\u00f3n del tiempo previsto por la C\u00e1mara Nacional Electoral para que se inscribieran las fuerzas, y \u00a0quedaron inscriptas a nivel nacional.<\/p>\n<p>Para presentaci\u00f3n de candidatos hay tiempo hasta el 24 de junio, y todo indica que ese dato se resolver\u00e1 a \u00faltimo momento en todas las alianzas.<\/p>\n<p>Mientras que <strong>en las provincias, para las elecciones a gobernador y otros cargos locales, puede haber modificaciones<\/strong>\u00a0y otras agrupaciones que participen de cada espacio.<\/p>\n<p><strong>De esta manera, la alianza que sucede al Frente de Todos<\/strong>, es la nueva <strong>Uni\u00f3n por la Patria,<\/strong> que qued\u00f3 conformada por <strong>media docena de agrupaciones pol\u00edticas.<\/strong><\/p>\n<p>Y por su parte, otras\u00a0<strong>ocho se unieron para conformar Juntos por el Cambio<\/strong>.<\/p>\n<p>As\u00ed lo informaron los respectivos apoderados al cierre del plazo para la definici\u00f3n de alianzas electorales con vistas a las PASO del 13 de agosto y las elecciones nacionales del 22 de octubre.<\/p>\n<p>El dato es relevante para el pr\u00f3ximo paso que fija el cronograma, la confirmaci\u00f3n de los precandidatos que participar\u00e1n en las primarias abiertas, simult\u00e1neas y obligatorias, y<strong> los que no est\u00e9n avalados por una de esas fuerzas, no podr\u00e1n competir.<\/strong><\/p>\n<p><strong>Uni\u00f3n por la Patria<\/strong>: La mayor novedad del oficialismo pas\u00f3 por dejar de lado el nombre de Frente de Todos, que tendr\u00e1\u00a0<strong> los mismos integrantes\u00a0<\/strong>que ven\u00edan actuando con la anterior denominaci\u00f3n:<\/p>\n<ul>\n<li>Partido Justicialista, cuyo presidente es Alberto Fern\u00e1ndez<\/li>\n<li>Frente Renovador, liderado por Sergio Massa<\/li>\n<li>Nuevo Encuentro, encabezado por Mart\u00edn Sabbatella, Kolina y Partido para la Victoria.<\/li>\n<li>Frente Grande, presidido por el intendente de Ensenada, Mario Secco<\/li>\n<li>Kolina (Corriente para la Liberaci\u00f3n Nacional), que conduce Carlos Castagneto, titular de la AFIP<\/li>\n<li>Partido para la Victoria, con Esteban San Pedro como m\u00e1xima autoridad<\/li>\n<\/ul>\n<p>El ministro del Interior, Eduardo de Pedro, suena como precandidato a Presidente de Uni\u00f3n por la Patria y competir\u00eda contra Daniel Scioli.<\/p>\n<p><strong>Juntos por el Cambio:<\/strong> Su composici\u00f3n destac\u00f3 la admisi\u00f3n de Avanza Libertad, con Jos\u00e9 Luis Espert que se sum\u00f3 en los \u00faltimos d\u00edas. Y la adhesi\u00f3n de Margarita Stolbizer, integrante del viejo radicalismo y a su partido el GEN.<\/p>\n<p>En definitiva, los partidos que componen JxC son los siguientes.<\/p>\n<ul>\n<li>PRO (Propuesta Republicana), en el que la presidencia es ejercida por Federico Angelini (vicepresidente) mientras dure la licencia de Patricia Bullrich<\/li>\n<li>Uni\u00f3n C\u00edvica Radical, bajo la presidencia del gobernador juje\u00f1o Gerardo Morales<\/li>\n<li>Coalici\u00f3n C\u00edvica, con la conducci\u00f3n nacional de Maximiliano Ferraro<\/li>\n<li>Encuentro Republicano Federal, liderado por Miguel \u00c1ngel Pichetto<\/li>\n<li>UNIR \u2013 Uni\u00f3n para la Integraci\u00f3n y el Resurgimiento (ex Partido Nacional Constitucionalista), encabezado por el bonaerense Alberto Asseff<\/li>\n<li>Partido Dem\u00f3crata Progresista, cuyo secretario general es Oscar Moscariello<\/li>\n<li>GEN, encabezado por Sergio Abrevaya<\/li>\n<li>Avanza Libertad, dirigido por Jos\u00e9 Luis Espert<\/li>\n<\/ul>\n<p>Horacio Rodr\u00edguez Larreta y Patricia Bullrich se preparan para disputar las PASO en Juntos por el Cambio.<\/p>\n<p>Otras alianzas que se anotaron: De la misma manera, el<strong> Frente de Izquierda y los Trabajadores Unidad (FIT-U) <\/strong>se inscribi\u00f3 formalmente como una alianza de las siguientes agrupaciones:<\/p>\n<ul>\n<li>Partido de los Trabajadores Socialistas (PTS)<\/li>\n<li>Izquierda Socialista (IS)<\/li>\n<li>Partido Obrero (PO)<\/li>\n<li>Movimiento Socialista de los Trabajadores (MST)<\/li>\n<\/ul>\n<p>Desde el FIT-U ya anticiparon que habr\u00e1 internas para la designaci\u00f3n de la f\u00f3rmula presidencial:\u00a0<strong>Myriam Bregman y Nicol\u00e1s del Ca\u00f1o se medir\u00e1n frente a Gabriel Solano y Vilma Ripoll.<\/strong><\/p>\n<p><strong>Hacemos por Nuestro Pa\u00eds:<\/strong> Por otra parte,\u00a0<strong>el justicialismo de C\u00f3rdoba, liderado por el gobernador de esa provincia, Juan Schiaretti<\/strong>, cre\u00f3 un espacio diferenciado de la estructura nacional bajo la denominaci\u00f3n Hacemos por Nuestro Pa\u00eds.<\/p>\n<p>Todo indica que ser\u00e1 el propio Schiaretti, cuya potencial incorporaci\u00f3n a Juntos por el Cambio, luego desechada, arm\u00f3 un revuelo en esa coalici\u00f3n, el que encabece esa alianza que\u00a0<strong>pretende capturar el voto peronista no kirchnerista.<\/strong><\/p>\n<p>Hacemos por Nuestro Pa\u00eds est\u00e1 compuesto por:<\/p>\n<ul>\n<li>Partido Socialista<\/li>\n<li>Partido Dem\u00f3crata Cristiano<\/li>\n<li>Partido Autonomista<\/li>\n<\/ul>\n<p>Cabe aclarar que ya no es posible sumar agrupaciones a las alianzas electorales, aunque s\u00ed \u00a0pueden restar, ya que l<strong>a legislaci\u00f3n permite que un partido abandone el frente en el que se inscribi\u00f3 y compita por s\u00ed solo<\/strong>. <strong>(VW)<\/strong><\/p>\n<p>&nbsp;<\/p>\n","protected":false},"excerpt":{"rendered":"<p>Las diferentes fuerzas presentaron la composici\u00f3n de sus alianzas para las PASO del 13 de agosto y \u00a0las elecciones generales del 22 de octubre.<\/p>\n","protected":false},"author":4,"featured_media":10875,"comment_status":"closed","ping_status":"closed","sticky":false,"template":"","format":"standard","meta":{"_monsterinsights_skip_tracking":false,"_monsterinsights_sitenote_active":false,"_monsterinsights_sitenote_note":"","_monsterinsights_sitenote_category":0,"footnotes":""},"categories":[4],"tags":[1454,1904,4550,781],"class_list":["post-10953","post","type-post","status-publish","format-standard","has-post-thumbnail","hentry","category-politica","tag-alianzas","tag-elecciones-2023","tag-inion-por-la-patria","tag-juntos-por-el-cambio"],"_links":{"self":[{"href":"https:\/\/www.visionweb.com.ar\/index.php?rest_route=\/wp\/v2\/posts\/10953","targetHints":{"allow":["GET"]}}],"collection":[{"href":"https:\/\/www.visionweb.com.ar\/index.php?rest_route=\/wp\/v2\/posts"}],"about":[{"href":"https:\/\/www.visionweb.com.ar\/index.php?rest_route=\/wp\/v2\/types\/post"}],"author":[{"embeddable":true,"href":"https:\/\/www.visionweb.com.ar\/index.php?rest_route=\/wp\/v2\/users\/4"}],"replies":[{"embeddable":true,"href":"https:\/\/www.visionweb.com.ar\/index.php?rest_route=%2Fwp%2Fv2%2Fcomments&post=10953"}],"version-history":[{"count":1,"href":"https:\/\/www.visionweb.com.ar\/index.php?rest_route=\/wp\/v2\/posts\/10953\/revisions"}],"predecessor-version":[{"id":10954,"href":"https:\/\/www.visionweb.com.ar\/index.php?rest_route=\/wp\/v2\/posts\/10953\/revisions\/10954"}],"wp:featuredmedia":[{"embeddable":true,"href":"https:\/\/www.visionweb.com.ar\/index.php?rest_route=\/wp\/v2\/media\/10875"}],"wp:attachment":[{"href":"https:\/\/www.visionweb.com.ar\/index.php?rest_route=%2Fwp%2Fv2%2Fmedia&parent=10953"}],"wp:term":[{"taxonomy":"category","embeddable":true,"href":"https:\/\/www.visionweb.com.ar\/index.php?rest_route=%2Fwp%2Fv2%2Fcategories&post=10953"},{"taxonomy":"post_tag","embeddable":true,"href":"https:\/\/www.visionweb.com.ar\/index.php?rest_route=%2Fwp%2Fv2%2Ftags&post=10953"}],"curies":[{"name":"wp","href":"https:\/\/api.w.org\/{rel}","templated":true}]}}