{"id":10947,"date":"2023-06-14T10:08:56","date_gmt":"2023-06-14T13:08:56","guid":{"rendered":"https:\/\/www.visionweb.com.ar\/?p=10947"},"modified":"2023-06-14T10:10:43","modified_gmt":"2023-06-14T13:10:43","slug":"ambientalistas-locales-destacaron-la-importancia-del-cuidado-de-los-humedales-en-la-region","status":"publish","type":"post","link":"https:\/\/www.visionweb.com.ar\/?p=10947","title":{"rendered":"Ambientalistas locales destacaron la importancia del cuidado de los humedales"},"content":{"rendered":"<p><em><strong>\u00a0Se trata de las reservas naturales de la regi\u00f3n. Las grandes urbes como el Conurbano bonaerense no tienen ni siquiera una d\u00e9cima parte de ese espacio verde.<\/strong><\/em><!--more--><\/p>\n<p><strong><img loading=\"lazy\" decoding=\"async\" class=\"size-medium wp-image-10948 alignright\" src=\"https:\/\/www.visionweb.com.ar\/wp-content\/uploads\/2023\/06\/HUMEDALES-SNATA-CATALINA-300x187.png\" alt=\"\" width=\"300\" height=\"187\" srcset=\"https:\/\/www.visionweb.com.ar\/wp-content\/uploads\/2023\/06\/HUMEDALES-SNATA-CATALINA-300x187.png 300w, https:\/\/www.visionweb.com.ar\/wp-content\/uploads\/2023\/06\/HUMEDALES-SNATA-CATALINA.png 638w\" sizes=\"auto, (max-width: 300px) 100vw, 300px\" \/>E<\/strong>n el marco del D\u00eda Mundial del Medio Ambiente, ambientalistas de la regi\u00f3n remarcaron que los humedales son \u201cfundamentales para el entorno\u201d por lo que subrayaron que \u201ccuidar de estos espacios, que no abundan lamentablemente es de suma importancia para la calidad de vida de todos los habitantes\u201d.<\/p>\n<p>En di\u00e1logo con AUNO, Dante Gast\u00f3n Demesa, integrante del la Multisectorial Santa Catalina, afirm\u00f3 que\u00a0<strong>un ambiente sano \u201cdeber\u00eda ser un derecho adquirido\u201d,<\/strong>\u00a0ya que seg\u00fan la Organizaci\u00f3n Mundial de la Salud (OMS), a cada habitante le corresponde un m\u00ednimo de 10 metros cuadrados de espacio verde para un ambiente de calidad.<\/p>\n<p>Sin embargo, \u201clas grandes urbes como el Conurbano bonaerense no tienen ni siquiera una d\u00e9cima parte de ese espacio verde\u201d, critic\u00f3 Demesa y contin\u00fao: \u201cDepredar los espacios de (la Reserva Natural) Santa Catalina, que tiene 730 hect\u00e1reas, es una locura\u201d.<\/p>\n<p>Demesa consider\u00f3 que\u00a0<strong>el cuidado de la Reserva, ubicada en Llavallol, en Lomas de Zamora, es de \u201csuma importancia\u201d,<\/strong>\u00a0no solamente por el espacio verde sino por el humedal, que \u201cabsorbe agua de lluvias para evitar inundaciones, el bosque que purifica el ox\u00edgeno, la biodiversidad y la reserva micol\u00f3gica\u201d.<\/p>\n<p>Por su parte, \u00c1ngel\u00a0Bartolucci, docente e integrante de la ONG Amigos de la\u00a0Laguna de Rocha, explic\u00f3 que el humedal es v\u00eda de realimentaci\u00f3n de los acu\u00edferos, regula sequ\u00edas e inundaciones por el efecto esponja que absorbe excedentes y los libera gradualmente, y t<strong>ambi\u00e9n es \u201cun regulador del clima y proveedor de ox\u00edgeno mejorando la calidad del aire, es el h\u00e1bitat de una rica biodiversidad, dentro de la que se destacan las aves\u201d.<\/strong><\/p>\n<p>Bartolucci detall\u00f3 que el humedal de la Laguna de Rocha, en Esteban Echeverr\u00eda, contiene \u201csectores de pajonales y juncales, que alternan periodos inundados y secos, que est\u00e1 asociado a una fauna y flora adaptada a esos ambientes\u201d, donde por ejemplo, se puede encontrar caracoles y aves rapaces que se alimentan de esos moluscos, y otras aves que est\u00e1n adaptadas para vivir entre los juncales, como el varillero congo, varillero de ala amarilla y el junquera.<\/p>\n<p>En tanto, el referente del Foro H\u00eddrico\u00a0Ambiental de Lomas Jorge G\u00f3mez critic\u00f3 que\u00a0<strong>la mayor contaminaci\u00f3n que recibe la Cuenca Matanza Riachuelo es \u201cl\u00edquido cloacal, que supera a los vuelcos industriales, y que va a parar al R\u00edo de la Plata<\/strong>, del cual se toma el agua corriente a trav\u00e9s de la planta Bernal y esto va ser algo muy importante porque la planta trata los l\u00edquidos y larga un agua menos contaminada al Riachuelo\u201d.<\/p>\n<p>En ese sentido, realizaron un relevamiento vecinal en Villa Lamadrid, en Lomas de Zamora, para ver qu\u00e9 tipo de enfermedades provoca el tomar agua insegura e inundarse constantemente con l\u00edquido de La Matanza Riachuelo, y de ah\u00ed\u00a0<strong>se registraron chicos contaminados, con altos niveles por decilitro de sangre\u201d.<\/strong><\/p>\n<p>Por otra parte, destac\u00f3 las obras que se est\u00e1n realizando como parte de un plan de mejora, entre las que se encuentran, el \u201cdesarrollo de una red de desag\u00fces finos para que el agua de las zanjas de los barrios m\u00e1s humildes lleven sus afluentes a las nuevas estaciones de bombeo, y compuertas automatizadas para que, en caso de lluvias tormentosas combinada con una sudestada, impida que las aguas residuales del Riachuelo ingresen a las viviendas de las zonas bajas\u201d.<\/p>\n<p class=\"wp-block-heading\"><strong>Los desaf\u00edos\u00a0<\/strong><\/p>\n<p>El integrante del Foro H\u00eddrico de Lomas de Zamora Leonardo P\u00e9rez Esquivel sostuvo que replantear el tema ambiental requiere de una mirada de transici\u00f3n y la redefinici\u00f3n de la forma en la cual se aborda el modelo productivo, ya que\u00a0<strong>\u201chay que encarar una estrategia m\u00e1s consistente que no sea un maquillaje verde\u201d.<\/strong><\/p>\n<p>En esa l\u00ednea, Demesa se\u00f1al\u00f3 que \u201cno alcanza con que haya leyes que cuiden los espacios verdes\u201d, ya que Santa Catalina es reserva provincial por ley y, sin embargo,\u00a0<strong>hay intereses espurios que la pisotean, y eso no deber\u00eda ser posible<\/strong>, tendr\u00edan que estar mucho m\u00e1s protegidos\u201d.<\/p>\n<p>El activista critic\u00f3 adem\u00e1s que en Santa Catalina no hay guardaparques, a pesar de que hay una ley que la protege,<strong> porque \u201cno hay voluntad pol\u00edtica de llevarla adelante\u201d(VW\/AUNO).<\/strong><\/p>\n<p>&nbsp;<\/p>\n","protected":false},"excerpt":{"rendered":"<p>\u00a0Se trata de las reservas naturales de la regi\u00f3n. Las grandes urbes como el Conurbano bonaerense no tienen ni siquiera una d\u00e9cima parte de ese espacio verde.<\/p>\n","protected":false},"author":3,"featured_media":10948,"comment_status":"closed","ping_status":"closed","sticky":false,"template":"","format":"standard","meta":{"_monsterinsights_skip_tracking":false,"_monsterinsights_sitenote_active":false,"_monsterinsights_sitenote_note":"","_monsterinsights_sitenote_category":0,"footnotes":""},"categories":[5],"tags":[],"class_list":["post-10947","post","type-post","status-publish","format-standard","has-post-thumbnail","hentry","category-sociedad"],"_links":{"self":[{"href":"https:\/\/www.visionweb.com.ar\/index.php?rest_route=\/wp\/v2\/posts\/10947","targetHints":{"allow":["GET"]}}],"collection":[{"href":"https:\/\/www.visionweb.com.ar\/index.php?rest_route=\/wp\/v2\/posts"}],"about":[{"href":"https:\/\/www.visionweb.com.ar\/index.php?rest_route=\/wp\/v2\/types\/post"}],"author":[{"embeddable":true,"href":"https:\/\/www.visionweb.com.ar\/index.php?rest_route=\/wp\/v2\/users\/3"}],"replies":[{"embeddable":true,"href":"https:\/\/www.visionweb.com.ar\/index.php?rest_route=%2Fwp%2Fv2%2Fcomments&post=10947"}],"version-history":[{"count":2,"href":"https:\/\/www.visionweb.com.ar\/index.php?rest_route=\/wp\/v2\/posts\/10947\/revisions"}],"predecessor-version":[{"id":10950,"href":"https:\/\/www.visionweb.com.ar\/index.php?rest_route=\/wp\/v2\/posts\/10947\/revisions\/10950"}],"wp:featuredmedia":[{"embeddable":true,"href":"https:\/\/www.visionweb.com.ar\/index.php?rest_route=\/wp\/v2\/media\/10948"}],"wp:attachment":[{"href":"https:\/\/www.visionweb.com.ar\/index.php?rest_route=%2Fwp%2Fv2%2Fmedia&parent=10947"}],"wp:term":[{"taxonomy":"category","embeddable":true,"href":"https:\/\/www.visionweb.com.ar\/index.php?rest_route=%2Fwp%2Fv2%2Fcategories&post=10947"},{"taxonomy":"post_tag","embeddable":true,"href":"https:\/\/www.visionweb.com.ar\/index.php?rest_route=%2Fwp%2Fv2%2Ftags&post=10947"}],"curies":[{"name":"wp","href":"https:\/\/api.w.org\/{rel}","templated":true}]}}