{"id":10926,"date":"2023-06-12T12:49:17","date_gmt":"2023-06-12T15:49:17","guid":{"rendered":"https:\/\/www.visionweb.com.ar\/?p=10926"},"modified":"2023-06-12T12:49:17","modified_gmt":"2023-06-12T15:49:17","slug":"hoy-es-el-dia-mundial-contra-el-trabajo-infantil","status":"publish","type":"post","link":"https:\/\/www.visionweb.com.ar\/?p=10926","title":{"rendered":"Hoy es el D\u00eda Mundial contra el Trabajo Infantil"},"content":{"rendered":"<p><em><strong>Seg\u00fan la UCA m\u00e1s de 1 mill\u00f3n de chicos trabajan en Argentina, y en los \u00faltimos seis a\u00f1os,\u00a04 de cada 10 NNyA que trabajaron tuvieron d\u00e9ficit educativo. \u00a0El 6,9 por ciento hacen trabajo dom\u00e9stico intensivo. La \u00a0jornada de hoy busca concientizar sobre la explotaci\u00f3n que viven millones de ni\u00f1os en el mundo.<\/strong><\/em><!--more--><\/p>\n<div id=\"attachment_10927\" style=\"width: 300px\" class=\"wp-caption alignright\"><img loading=\"lazy\" decoding=\"async\" aria-describedby=\"caption-attachment-10927\" class=\"wp-image-10927 size-full\" src=\"https:\/\/www.visionweb.com.ar\/wp-content\/uploads\/2023\/06\/12-junio-trab-infantil.png\" alt=\"\" width=\"290\" height=\"280\" \/><p id=\"caption-attachment-10927\" class=\"wp-caption-text\">Imagen: Sociedad Argentina de Pediatr\u00eda<\/p><\/div>\n<p><strong>\u00a0\u00a0 C<\/strong>omo cada 12 de junio, en el<strong> D\u00eda Mundial contra el Trabajo Infantil<\/strong> se busca que la sociedad y los Estados tomen conciencia y se comprometan a erradicar la explotaci\u00f3n que viven millones de los ni\u00f1os, ni\u00f1as y adolescentes (NNyA) en todo el mundo.<\/p>\n<p>Seg\u00fan un informe de la Universidad Cat\u00f3lica Argentina (UCA), cerca de<strong>\u00a01,3 millones de chicos realizan actividades econ\u00f3micas y dom\u00e9sticas intensivas\u00a0<\/strong>en nuestro pa\u00eds.<\/p>\n<p>La Organizaci\u00f3n Internacional del Trabajo (<strong>OIT<\/strong>) define al trabajo infantil como \u00ab<strong>todo trabajo que priva a los ni\u00f1os de su ni\u00f1ez, su potencial y su dignidad, y que es perjudicial para su desarrollo f\u00edsico y psicol\u00f3gico\u00bb<\/strong>.<\/p>\n<p>En este sentido, la Organizaci\u00f3n de Naciones Unidas (<strong>ONU<\/strong>) afirm\u00f3 que hay\u00a0<strong>160 millones de NNyA en todo el mundo que trabajan<\/strong>, es decir, casi uno de cada diez.<\/p>\n<p>La ONU asegur\u00f3 que <strong>es posible eliminar el trabajo infantil<\/strong> si llevan adelante medidas que incluyan la aplicaci\u00f3n de un marco jur\u00eddico s\u00f3lido basado en las Normas Internacionales del Trabajo y el di\u00e1logo social, la provisi\u00f3n de acceso universal a una <strong>educaci\u00f3n de buena calidad<\/strong> y a la <strong>protecci\u00f3n social<\/strong>, as\u00ed como medidas directas para aliviar la pobreza, la desigualdad y la inseguridad econ\u00f3mica, y promover el trabajo decente para los trabajadores adultos.<\/p>\n<p><strong>\u00abEl trabajo infantil es, posiblemente, el m\u00e1s visible de estos problemas. Est\u00e1 causado por la pobreza y la exclusi\u00f3n. Priva a los ni\u00f1os de educaci\u00f3n y oportunidades y aumenta las probabilidades de que no consigan ingresos decentes y un empleo estable cuando sean adultos. M\u00e1s que nunca, es urgente que todos contribuyamos a aportar soluciones a los problemas cotidianos de la gente, y que lo hagamos de una manera m\u00e1s eficaz y coherente\u00bb<\/strong>, expres\u00f3 ONU.<\/p>\n<p><strong>El trabajo infantil en Argentina:<\/strong><\/p>\n<p>Respecto a las <strong>causas <\/strong>del trabajo infantil<strong>, el Ministerio de Educaci\u00f3n de la Naci\u00f3n <\/strong>sostiene que esta problem\u00e1tica est\u00e1<strong> condicionada por factores econ\u00f3micos, pol\u00edticos, sociales y culturales, <\/strong>y tambi\u00e9n lo atribuyen<strong> a la distribuci\u00f3n inequitativa del ingreso y la riqueza, el desempleo y la demanda de mano de obra, entre otros.<\/strong><\/p>\n<p>Seg\u00fan el informe del Bar\u00f3metro de la Deuda Social de la Infancia de la Universidad Cat\u00f3lica Argentina (UCA) realizado en el segundo semestre de 2022, en nuestro pa\u00eds cerca de\u00a0<strong>1,3 millones de NNyA\u00a0<\/strong>realizan tareas econ\u00f3micas y dom\u00e9sticas intensivas, es decir, el equivalente al\u00a0<strong>15% de la poblaci\u00f3n de entre 5 y 17 a\u00f1os.<\/strong><\/p>\n<p>El documento confirm\u00f3 que el\u00a0<strong>6,9 por ciento hacen trabajo dom\u00e9stico intensivo<\/strong>, es decir, <strong>llevan a cabo de modo habitual tareas como limpiar, lavar, planchar, cocinar, compras y cuidar hermanos<\/strong>. Las ni\u00f1as y adolescentes mujeres son quienes encabezan este tipo de actividades.<\/p>\n<p>Adem\u00e1s,<strong>\u00a02 de cada 10 adolescentes\u00a0<\/strong>realiza actividades econ\u00f3micas junto a un familiar o conocido, o que realizan alguna actividad por su cuenta para ganar dinero como empleado o aprendiz.<\/p>\n<p>Cabe se\u00f1alar que, el trabajo infantil est\u00e1 \u00edntimamente relacionado con la deserci\u00f3n escolar. En esta l\u00ednea, el documento realizado por la UCA sostiene que, en los \u00faltimos seis a\u00f1os,<strong>\u00a04 de cada 10 NNyA que trabajaron tuvieron d\u00e9ficit educativo. (VW)<\/strong><\/p>\n","protected":false},"excerpt":{"rendered":"<p>Seg\u00fan la UCA m\u00e1s de 1 mill\u00f3n de chicos trabajan en Argentina, y en los \u00faltimos seis a\u00f1os,\u00a04 de cada 10 NNyA que trabajaron tuvieron d\u00e9ficit educativo. \u00a0El 6,9 por ciento hacen trabajo dom\u00e9stico&#46;&#46;&#46;<\/p>\n","protected":false},"author":4,"featured_media":10927,"comment_status":"closed","ping_status":"closed","sticky":false,"template":"","format":"standard","meta":{"_monsterinsights_skip_tracking":false,"_monsterinsights_sitenote_active":false,"_monsterinsights_sitenote_note":"","_monsterinsights_sitenote_category":0,"footnotes":""},"categories":[5],"tags":[4543,4542,840],"class_list":["post-10926","post","type-post","status-publish","format-standard","has-post-thumbnail","hentry","category-sociedad","tag-12-de-junio","tag-dia-mundial-del-trabajo-infantil","tag-informe-uca"],"_links":{"self":[{"href":"https:\/\/www.visionweb.com.ar\/index.php?rest_route=\/wp\/v2\/posts\/10926","targetHints":{"allow":["GET"]}}],"collection":[{"href":"https:\/\/www.visionweb.com.ar\/index.php?rest_route=\/wp\/v2\/posts"}],"about":[{"href":"https:\/\/www.visionweb.com.ar\/index.php?rest_route=\/wp\/v2\/types\/post"}],"author":[{"embeddable":true,"href":"https:\/\/www.visionweb.com.ar\/index.php?rest_route=\/wp\/v2\/users\/4"}],"replies":[{"embeddable":true,"href":"https:\/\/www.visionweb.com.ar\/index.php?rest_route=%2Fwp%2Fv2%2Fcomments&post=10926"}],"version-history":[{"count":1,"href":"https:\/\/www.visionweb.com.ar\/index.php?rest_route=\/wp\/v2\/posts\/10926\/revisions"}],"predecessor-version":[{"id":10928,"href":"https:\/\/www.visionweb.com.ar\/index.php?rest_route=\/wp\/v2\/posts\/10926\/revisions\/10928"}],"wp:featuredmedia":[{"embeddable":true,"href":"https:\/\/www.visionweb.com.ar\/index.php?rest_route=\/wp\/v2\/media\/10927"}],"wp:attachment":[{"href":"https:\/\/www.visionweb.com.ar\/index.php?rest_route=%2Fwp%2Fv2%2Fmedia&parent=10926"}],"wp:term":[{"taxonomy":"category","embeddable":true,"href":"https:\/\/www.visionweb.com.ar\/index.php?rest_route=%2Fwp%2Fv2%2Fcategories&post=10926"},{"taxonomy":"post_tag","embeddable":true,"href":"https:\/\/www.visionweb.com.ar\/index.php?rest_route=%2Fwp%2Fv2%2Ftags&post=10926"}],"curies":[{"name":"wp","href":"https:\/\/api.w.org\/{rel}","templated":true}]}}