{"id":10921,"date":"2023-06-12T08:57:05","date_gmt":"2023-06-12T11:57:05","guid":{"rendered":"https:\/\/www.visionweb.com.ar\/?p=10921"},"modified":"2023-06-12T08:57:56","modified_gmt":"2023-06-12T11:57:56","slug":"advierten-que-se-acelera-la-inflacion","status":"publish","type":"post","link":"https:\/\/www.visionweb.com.ar\/?p=10921","title":{"rendered":"Advierten que se acelera la inflaci\u00f3n"},"content":{"rendered":"<p><em><strong>Los analistas del IET advirtieron que \u201cla inflaci\u00f3n alcanz\u00f3 el 42% en los primeros cinco meses del a\u00f1o, cifra que si se anualiza para el resto del a\u00f1o se transforma en un 132%.<\/strong><\/em><!--more--><\/p>\n<p><strong><img loading=\"lazy\" decoding=\"async\" class=\"size-medium wp-image-5134 alignright\" src=\"https:\/\/www.visionweb.com.ar\/wp-content\/uploads\/2022\/04\/PRECIOS-CUIDADOS-300x225.png\" alt=\"\" width=\"300\" height=\"225\" srcset=\"https:\/\/www.visionweb.com.ar\/wp-content\/uploads\/2022\/04\/PRECIOS-CUIDADOS-300x225.png 300w, https:\/\/www.visionweb.com.ar\/wp-content\/uploads\/2022\/04\/PRECIOS-CUIDADOS-320x240.png 320w, https:\/\/www.visionweb.com.ar\/wp-content\/uploads\/2022\/04\/PRECIOS-CUIDADOS.png 640w\" sizes=\"auto, (max-width: 300px) 100vw, 300px\" \/>U<\/strong>n informe elaborado por Instituto de Estad\u00edstica de los Trabajadores (IET) de la Universidad Metropolitana para la Educaci\u00f3n y el Trabajo (UMET) y el Centro para la Concertaci\u00f3n y el Desarrollo (CCD), encendi\u00f3 las luces de alarma cuando advirti\u00f3 que la inflaci\u00f3n de los trabajadores alcanz\u00f3 el 9,1 por ciento en mayo,\u00a0 1,1 puntos porcentuales sobre la de abril.<\/p>\n<p>Al proyectar\u00a0 las mediciones en forma interanual la suba del costo de vida supera el 115 por ciento, impulsado por una importante suba de los precios regulados por el Gobierno.<\/p>\n<p>\u201cEl aumento de este mes se debe a una suba importante en los precios regulados por el Gobierno, particularmente en servicios p\u00fablicos. Eso nos lleva a pensar que se pueden tomar medidas para compensar\u201d, explic\u00f3 el director general del CCD y ex ministro de Educaci\u00f3n de la Naci\u00f3n, Nicol\u00e1s Trotta.<\/p>\n<p>El informe alerta que se trata del valor m\u00e1s alto en cuanto a inflaci\u00f3n para los trabajadores registrados desde abril de 2002, cuando super\u00f3 el 10% tras el salto inflacionario derivado de la salida de la convertibilidad\u201d.<\/p>\n<p>Los analistas del IET advirtieron que \u201cla inflaci\u00f3n alcanz\u00f3 el 42% en los primeros cinco meses del a\u00f1o, cifra que si se anualiza para el resto del a\u00f1o se transforma en un 132%. En tanto, la inflaci\u00f3n interanual (esto es, contra el mismo mes del a\u00f1o previo) alcanz\u00f3 al 115,7% y mostr\u00f3 la decimosexta aceleraci\u00f3n consecutiva\u201d.<\/p>\n<p>Se se\u00f1ala que \u201cla inflaci\u00f3n de mayo estuvo motorizada nuevamente por Vivienda (+23%), impulsada por subas del 54% en electricidad y del 27% en gas producto de la baja de subsidios implementada por el gobierno nacional. A ello se suman los alquileres, que subieron 8,4 por ciento\u201d.<\/p>\n<p>Por otro lado, se destaca la desaceleraci\u00f3n del aumento de los alimentos. En ese sentido se indica \u201cel resto de los cap\u00edtulos subi\u00f3 por debajo del nivel general, aunque todos subieron por encima del 6%, algo que no se evidenciaba desde febrero de 1991, previo al Plan de Convertibilidad. Los alimentos y bebidas se desaceleraron y anotaron un 6,8%\u201d.<\/p>\n<h3 style=\"text-align: center;\"><span style=\"color: #0000ff;\"><em><strong>Con estos n\u00fameros la inflaci\u00f3n interanual alcanzar\u00e1 al 132%<\/strong><\/em><\/span><\/h3>\n<p>Para el coordinador del IET, Fabi\u00e1n Amico, \u201cla reducci\u00f3n en la inflaci\u00f3n de alimentos, que pas\u00f3 de crecer m\u00e1s o menos 10% el mes pasado a un incremento 6,8%, se relaciona con ver con dos cuestiones vinculadas a los precios internacionales, o sea al ritmo de aumento de los precios de los productos que exporta e importa Argentina, pero fundamentalmente de los que exporta, porque Argentina exporta alimentos\u201d.<\/p>\n<p>\u201cHubo una ca\u00edda de los precios internacionales de los alimentos y al caer esos valores se provoca un efecto deflacionario sobre los precios internos, en t\u00e9rminos relativos, lo que significa que los precios crecen menos. A su vez, el tipo de cambio mayorista que es el que traduce los precios internacionales hacia el mercado dom\u00e9stico, estuvo relativamente estancado. Por lo tanto, estos dos factores hicieron que desacelerara la inflaci\u00f3n de alimentos en mercado interno\u201d, agreg\u00f3.<\/p>\n<p>En la segunda parte se hace una referencia a la composici\u00f3n del empleo en los \u00faltimos 20 a\u00f1os y se advierte que desde 2015 los asalariados registrados vienen perdiendo terreno. \u201cTras haber pasado del 37,6% al 51,8% entre 2003 y 2015, el empleo asalariado registrado viene perdiendo peso dentro del total de la poblaci\u00f3n ocupada. En 2022 dio cuenta del 46,4% del total, cifra similar a la de 2007-8. En contraste, vienen ganando peso el cuentapropismo (particularmente el femenino) y el empleo asalariado no registrado\u201d, se advierte.<\/p>\n<p>Tambi\u00e9n, el trabajo presta particular atenci\u00f3n a un segmento del empleo asalariado no registrado poco analizado hasta ahora: \u201cEl de los trabajadores y trabajadoras en relaci\u00f3n de dependencia\u201d.<\/p>\n<p>\u201cEste segmento viene ganando participaci\u00f3n en el total de los asalariados no registrados: pasaron del 8% al 14% del total de este universo entre 2016 y 2022. El dato llamativo es que se trata mayormente de asalariados altamente calificados, con niveles de ingresos y pobreza mucho m\u00e1s parecidos a los asalariados registrados que al resto de los informales. Aqu\u00ed se inscriben, por ejemplo, m\u00e9dicos que facturan a un empleador o mismo una parte de los trabajadores de plataformas como las de transporte y mensajer\u00eda\u201d, se sostuvo<strong>(VW)<\/strong>.<\/p>\n","protected":false},"excerpt":{"rendered":"<p>Los analistas del IET advirtieron que \u201cla inflaci\u00f3n alcanz\u00f3 el 42% en los primeros cinco meses del a\u00f1o, cifra que si se anualiza para el resto del a\u00f1o se transforma en un 132%.<\/p>\n","protected":false},"author":3,"featured_media":5134,"comment_status":"closed","ping_status":"closed","sticky":false,"template":"","format":"standard","meta":{"_monsterinsights_skip_tracking":false,"_monsterinsights_sitenote_active":false,"_monsterinsights_sitenote_note":"","_monsterinsights_sitenote_category":0,"footnotes":""},"categories":[6],"tags":[77,31,1247],"class_list":["post-10921","post","type-post","status-publish","format-standard","has-post-thumbnail","hentry","category-economia","tag-inflacion","tag-precios-cuidados","tag-trabajadores"],"_links":{"self":[{"href":"https:\/\/www.visionweb.com.ar\/index.php?rest_route=\/wp\/v2\/posts\/10921","targetHints":{"allow":["GET"]}}],"collection":[{"href":"https:\/\/www.visionweb.com.ar\/index.php?rest_route=\/wp\/v2\/posts"}],"about":[{"href":"https:\/\/www.visionweb.com.ar\/index.php?rest_route=\/wp\/v2\/types\/post"}],"author":[{"embeddable":true,"href":"https:\/\/www.visionweb.com.ar\/index.php?rest_route=\/wp\/v2\/users\/3"}],"replies":[{"embeddable":true,"href":"https:\/\/www.visionweb.com.ar\/index.php?rest_route=%2Fwp%2Fv2%2Fcomments&post=10921"}],"version-history":[{"count":2,"href":"https:\/\/www.visionweb.com.ar\/index.php?rest_route=\/wp\/v2\/posts\/10921\/revisions"}],"predecessor-version":[{"id":10923,"href":"https:\/\/www.visionweb.com.ar\/index.php?rest_route=\/wp\/v2\/posts\/10921\/revisions\/10923"}],"wp:featuredmedia":[{"embeddable":true,"href":"https:\/\/www.visionweb.com.ar\/index.php?rest_route=\/wp\/v2\/media\/5134"}],"wp:attachment":[{"href":"https:\/\/www.visionweb.com.ar\/index.php?rest_route=%2Fwp%2Fv2%2Fmedia&parent=10921"}],"wp:term":[{"taxonomy":"category","embeddable":true,"href":"https:\/\/www.visionweb.com.ar\/index.php?rest_route=%2Fwp%2Fv2%2Fcategories&post=10921"},{"taxonomy":"post_tag","embeddable":true,"href":"https:\/\/www.visionweb.com.ar\/index.php?rest_route=%2Fwp%2Fv2%2Ftags&post=10921"}],"curies":[{"name":"wp","href":"https:\/\/api.w.org\/{rel}","templated":true}]}}