{"id":10918,"date":"2023-06-09T13:22:05","date_gmt":"2023-06-09T16:22:05","guid":{"rendered":"https:\/\/www.visionweb.com.ar\/?p=10918"},"modified":"2023-06-09T13:22:05","modified_gmt":"2023-06-09T16:22:05","slug":"grindetti-el-kirchnerismo-pone-al-sector-privado-como-enemigos","status":"publish","type":"post","link":"https:\/\/www.visionweb.com.ar\/?p=10918","title":{"rendered":"Grindetti: \u00abEl kirchnerismo pone al sector privado como enemigos\u00bb"},"content":{"rendered":"<p><em><strong>\u00a0En Avellaneda visit\u00f3 las instalaciones de la firma Archivos activos, dedicada a la fabricaci\u00f3n de muebles de oficina.<\/strong><\/em>\u00a0 <!--more--><\/p>\n<div id=\"attachment_10919\" style=\"width: 310px\" class=\"wp-caption alignright\"><img loading=\"lazy\" decoding=\"async\" aria-describedby=\"caption-attachment-10919\" class=\"wp-image-10919 size-medium\" src=\"https:\/\/www.visionweb.com.ar\/wp-content\/uploads\/2023\/06\/EMPRESARIOS-DE-LOMAS-CON-NESTOR-300x200.jpeg\" alt=\"\" width=\"300\" height=\"200\" srcset=\"https:\/\/www.visionweb.com.ar\/wp-content\/uploads\/2023\/06\/EMPRESARIOS-DE-LOMAS-CON-NESTOR-300x200.jpeg 300w, https:\/\/www.visionweb.com.ar\/wp-content\/uploads\/2023\/06\/EMPRESARIOS-DE-LOMAS-CON-NESTOR.jpeg 640w\" sizes=\"auto, (max-width: 300px) 100vw, 300px\" \/><p id=\"caption-attachment-10919\" class=\"wp-caption-text\"><em><strong>N\u00e9stor Grindetti, junto a empresarios de Lomas de Zamora analiz\u00f3 las perspectivas econ\u00f3micas bonaerenses (Foto: Prensa Grindetti)<\/strong><\/em><\/p><\/div>\n<p><strong>\u00a0 \u00a0 \u00a0 E<\/strong>l precandidato a gobernador del PRO, Nestor Grindetti dialog\u00f3 con una veintena de empresarios y grandes comerciantes de Lomas de Zamora con quienes analiz\u00f3 la situaci\u00f3n econ\u00f3mica de la provincia de Buenos Aires y el pa\u00eds.\u00a0Asimismo,\u00a0 repas\u00f3 sus principales ideas para fomentar el desarrollo productivo.<\/p>\n<p>Durante m\u00e1s de una hora, el jefe comunal lanusense y uno de los dos postulantes del PRO a la gobernaci\u00f3n, proyect\u00f3 sus ideas de descentralizar la gesti\u00f3n provincial en los municipios sobre todo en las \u00e1reas de salud, educaci\u00f3n y seguridad y repas\u00f3 sus ideas para facilitar el desarrollo del sector privado en la provincia.<\/p>\n<p>\u00abEl kirchnerismo pone al sector privado como enemigos, lo que m\u00e1s creci\u00f3 en este tiempo fue el empleo estatal y los cargos pol\u00edticos, el Estado provincial tiene que dejar de ser una carga para el sector productivo, no s\u00f3lo hay que eliminar impuestos, sino avanzar en una gran reforma fiscal e impositiva y avanzar en la digitalizaci\u00f3n de tr\u00e1mites para acercar m\u00e1s la provincia a la gente\u00bb, expres\u00f3 Grindetti.<\/p>\n<p>La agenda de Grindetti contempl\u00f3 la visita a la empresa Archivos activos en Avellaneda, dedicada a la fabricaci\u00f3n y comercializaci\u00f3n exclusiva de muebles de oficina y los productos Teknion en Argentina<strong>(VW)<\/strong><\/p>\n","protected":false},"excerpt":{"rendered":"<p>\u00a0En Avellaneda visit\u00f3 las instalaciones de la firma Archivos activos, dedicada a la fabricaci\u00f3n de muebles de oficina.\u00a0<\/p>\n","protected":false},"author":3,"featured_media":10919,"comment_status":"closed","ping_status":"closed","sticky":false,"template":"","format":"standard","meta":{"_monsterinsights_skip_tracking":false,"_monsterinsights_sitenote_active":false,"_monsterinsights_sitenote_note":"","_monsterinsights_sitenote_category":0,"footnotes":""},"categories":[4,749],"tags":[83,4539,18,4284],"class_list":["post-10918","post","type-post","status-publish","format-standard","has-post-thumbnail","hentry","category-politica","category-pymes","tag-avellaneda","tag-empresarios","tag-grindetti","tag-lomas"],"_links":{"self":[{"href":"https:\/\/www.visionweb.com.ar\/index.php?rest_route=\/wp\/v2\/posts\/10918","targetHints":{"allow":["GET"]}}],"collection":[{"href":"https:\/\/www.visionweb.com.ar\/index.php?rest_route=\/wp\/v2\/posts"}],"about":[{"href":"https:\/\/www.visionweb.com.ar\/index.php?rest_route=\/wp\/v2\/types\/post"}],"author":[{"embeddable":true,"href":"https:\/\/www.visionweb.com.ar\/index.php?rest_route=\/wp\/v2\/users\/3"}],"replies":[{"embeddable":true,"href":"https:\/\/www.visionweb.com.ar\/index.php?rest_route=%2Fwp%2Fv2%2Fcomments&post=10918"}],"version-history":[{"count":1,"href":"https:\/\/www.visionweb.com.ar\/index.php?rest_route=\/wp\/v2\/posts\/10918\/revisions"}],"predecessor-version":[{"id":10920,"href":"https:\/\/www.visionweb.com.ar\/index.php?rest_route=\/wp\/v2\/posts\/10918\/revisions\/10920"}],"wp:featuredmedia":[{"embeddable":true,"href":"https:\/\/www.visionweb.com.ar\/index.php?rest_route=\/wp\/v2\/media\/10919"}],"wp:attachment":[{"href":"https:\/\/www.visionweb.com.ar\/index.php?rest_route=%2Fwp%2Fv2%2Fmedia&parent=10918"}],"wp:term":[{"taxonomy":"category","embeddable":true,"href":"https:\/\/www.visionweb.com.ar\/index.php?rest_route=%2Fwp%2Fv2%2Fcategories&post=10918"},{"taxonomy":"post_tag","embeddable":true,"href":"https:\/\/www.visionweb.com.ar\/index.php?rest_route=%2Fwp%2Fv2%2Ftags&post=10918"}],"curies":[{"name":"wp","href":"https:\/\/api.w.org\/{rel}","templated":true}]}}