{"id":10913,"date":"2023-06-09T11:33:15","date_gmt":"2023-06-09T14:33:15","guid":{"rendered":"https:\/\/www.visionweb.com.ar\/?p=10913"},"modified":"2023-06-09T11:33:15","modified_gmt":"2023-06-09T14:33:15","slug":"afip-amplia-plazos-para-presentar-declaraciones-de-ganancias-y-bienes-personales","status":"publish","type":"post","link":"https:\/\/www.visionweb.com.ar\/?p=10913","title":{"rendered":"AFIP ampl\u00eda plazos para presentar declaraciones de Ganancias y Bienes Personales"},"content":{"rendered":"<p><em><strong>Las presentaci\u00f3n deber\u00e1n hacerse los d\u00edas 22, 23 y 26 de junio y los pagos se tendr\u00e1n que efectuarse desde el 23 al 28 de junio.<\/strong><\/em><!--more--><\/p>\n<p><img loading=\"lazy\" decoding=\"async\" class=\"size-medium wp-image-9121 alignleft\" src=\"https:\/\/www.visionweb.com.ar\/wp-content\/uploads\/2023\/01\/afip-300x175.jpg\" alt=\"\" width=\"300\" height=\"175\" srcset=\"https:\/\/www.visionweb.com.ar\/wp-content\/uploads\/2023\/01\/afip-300x175.jpg 300w, https:\/\/www.visionweb.com.ar\/wp-content\/uploads\/2023\/01\/afip.bmp 539w\" sizes=\"auto, (max-width: 300px) 100vw, 300px\" \/>La Administraci\u00f3n Federal de Ingresos P\u00fablicos (AFIP) formaliz\u00f3 la extensi\u00f3n de los plazos para la presentaci\u00f3n de declaraciones juradas del impuesto a las Ganancias y Bienes Personales de personas humanas y sucesiones indivisas, y del impuesto cedular, a trav\u00e9s de la Resoluci\u00f3n General 5367\/2023 publicada este viernes en el Bolet\u00edn Oficial.<\/p>\n<p>La misma fij\u00f3 como nuevas fechas de presentaci\u00f3n de las declaraciones los d\u00edas 22, 23 y 26 de junio, mientras que las nuevas fechas de pago ser\u00e1n los d\u00edas 23, 26 y 28, en ambos casos seg\u00fan corresponda al n\u00famero de finalizaci\u00f3n del CUIT de cada contribuyente.<\/p>\n<p>La AFIP determin\u00f3 que \u201cla obligaci\u00f3n de presentar la declaraci\u00f3n jurada del impuesto a los Bienes Personales regir\u00e1 para bienes gravados cuyo valor supere los $ 11.282.141,08\u201d, y precis\u00f3 que \u201cla casa habitaci\u00f3n no quedar\u00e1 incluida en el tributo en la medida en que sea inferior a $ 56.410.705,41\u201d.<\/p>\n<p>Por su parte, las declaraciones juradas correspondientes al impuesto cedular tendr\u00e1n los mismos plazos que las de Ganancias. El calendario de vencimientos operar\u00e1 de acuerdo a la terminaci\u00f3n de la CUIT de cada contribuyente, de la siguiente forma:<\/p>\n<p>\u2013 Finalizados en 0, 1, 2 y 3 tendr\u00e1n fecha de presentaci\u00f3n el 22 de junio y fecha de pago el 23.<\/p>\n<p>\u2013 Finalizados en 4, 5 y 6 tendr\u00e1n fecha de presentaci\u00f3n el 23 de junio y fecha de pago el 26.<\/p>\n<p>\u2013 Finalizados en 7, 8 y 9 tendr\u00e1n fecha de presentaci\u00f3n el 26 de junio y fecha de pago el 28.<\/p>\n<p>Por su parte, las declaraciones juradas de Ganancias y del impuesto cedular se realizan a trav\u00e9s del servicio con clave fiscal Ganancias Personas Humanas-Portal integrado. En el caso de Bienes Personales, la presentaci\u00f3n se realizar\u00e1 mediante el servicio web con clave fiscal Bienes Personales Web <strong>(VW)<\/strong><\/p>\n","protected":false},"excerpt":{"rendered":"<p>Las presentaci\u00f3n deber\u00e1n hacerse los d\u00edas 22, 23 y 26 de junio y los pagos se tendr\u00e1n que efectuarse desde el 23 al 28 de junio.<\/p>\n","protected":false},"author":3,"featured_media":9121,"comment_status":"closed","ping_status":"closed","sticky":false,"template":"","format":"standard","meta":{"_monsterinsights_skip_tracking":false,"_monsterinsights_sitenote_active":false,"_monsterinsights_sitenote_note":"","_monsterinsights_sitenote_category":0,"footnotes":""},"categories":[3,6],"tags":[881,4356,2341,670],"class_list":["post-10913","post","type-post","status-publish","format-standard","has-post-thumbnail","hentry","category-actualidad","category-economia","tag-afip","tag-fechas","tag-ganancias","tag-pagos"],"_links":{"self":[{"href":"https:\/\/www.visionweb.com.ar\/index.php?rest_route=\/wp\/v2\/posts\/10913","targetHints":{"allow":["GET"]}}],"collection":[{"href":"https:\/\/www.visionweb.com.ar\/index.php?rest_route=\/wp\/v2\/posts"}],"about":[{"href":"https:\/\/www.visionweb.com.ar\/index.php?rest_route=\/wp\/v2\/types\/post"}],"author":[{"embeddable":true,"href":"https:\/\/www.visionweb.com.ar\/index.php?rest_route=\/wp\/v2\/users\/3"}],"replies":[{"embeddable":true,"href":"https:\/\/www.visionweb.com.ar\/index.php?rest_route=%2Fwp%2Fv2%2Fcomments&post=10913"}],"version-history":[{"count":1,"href":"https:\/\/www.visionweb.com.ar\/index.php?rest_route=\/wp\/v2\/posts\/10913\/revisions"}],"predecessor-version":[{"id":10914,"href":"https:\/\/www.visionweb.com.ar\/index.php?rest_route=\/wp\/v2\/posts\/10913\/revisions\/10914"}],"wp:featuredmedia":[{"embeddable":true,"href":"https:\/\/www.visionweb.com.ar\/index.php?rest_route=\/wp\/v2\/media\/9121"}],"wp:attachment":[{"href":"https:\/\/www.visionweb.com.ar\/index.php?rest_route=%2Fwp%2Fv2%2Fmedia&parent=10913"}],"wp:term":[{"taxonomy":"category","embeddable":true,"href":"https:\/\/www.visionweb.com.ar\/index.php?rest_route=%2Fwp%2Fv2%2Fcategories&post=10913"},{"taxonomy":"post_tag","embeddable":true,"href":"https:\/\/www.visionweb.com.ar\/index.php?rest_route=%2Fwp%2Fv2%2Ftags&post=10913"}],"curies":[{"name":"wp","href":"https:\/\/api.w.org\/{rel}","templated":true}]}}