{"id":10910,"date":"2023-06-09T11:22:13","date_gmt":"2023-06-09T14:22:13","guid":{"rendered":"https:\/\/www.visionweb.com.ar\/?p=10910"},"modified":"2023-06-09T11:22:13","modified_gmt":"2023-06-09T14:22:13","slug":"provincia-presento-la-actualizacion-de-la-guia-para-actuar-en-conflictos-en-las-escuelas","status":"publish","type":"post","link":"https:\/\/www.visionweb.com.ar\/?p=10910","title":{"rendered":"Provincia present\u00f3 la actualizaci\u00f3n de la gu\u00eda para actuar en conflictos en las escuelas"},"content":{"rendered":"<p><em><strong>Educaci\u00f3n actualiz\u00f3 los pasos para abordar conflictos en las escuelas y c\u00f3mo accionar ante situaciones complejas, tras la demanda de los gremios docentes.<\/strong><\/em><!--more--><\/p>\n<div id=\"attachment_10911\" style=\"width: 310px\" class=\"wp-caption alignright\"><img loading=\"lazy\" decoding=\"async\" aria-describedby=\"caption-attachment-10911\" class=\"wp-image-10911 size-medium\" src=\"https:\/\/www.visionweb.com.ar\/wp-content\/uploads\/2023\/06\/guia-sileoni-300x170.png\" alt=\"\" width=\"300\" height=\"170\" srcset=\"https:\/\/www.visionweb.com.ar\/wp-content\/uploads\/2023\/06\/guia-sileoni-300x170.png 300w, https:\/\/www.visionweb.com.ar\/wp-content\/uploads\/2023\/06\/guia-sileoni.png 309w\" sizes=\"auto, (max-width: 300px) 100vw, 300px\" \/><p id=\"caption-attachment-10911\" class=\"wp-caption-text\">Sileoni durante la presentaci\u00f3n de la actualizaci\u00f3n de la \u00abGuia\u00bb<\/p><\/div>\n<p><strong>\u00a0\u00a0 L<\/strong>a <strong>Direcci\u00f3n General de Cultura y Educaci\u00f3n de la provincia de Buenos Aires<\/strong>, \u00a0a trav\u00e9s de su direcci\u00f3n de Psicolog\u00eda Comunitaria y Pedagog\u00eda Social, present\u00f3 la \u201cActualizaci\u00f3n de la <strong>Gu\u00eda de orientaci\u00f3n para la intervenci\u00f3n en situaciones conflictivas y de vulneraci\u00f3n de derechos en el escenario escolar<\/strong>\u201d, en el marco de un Encuentro Provincial de Inspectores de esa modalidad, que encabez\u00f3 en Mar del Plata el director general\u00a0 Alberto Sileoni.<\/p>\n<p>Ante las demandas de los gremios docentes en ese sentido, que en algunas localidades incluyeron manifestaciones,\u00a0la Provincia actualiz\u00f3 la gu\u00eda de actuaci\u00f3n ante conflictos escolares y present\u00f3 las novedades.<\/p>\n<p>El documento actualizado se elabor\u00f3 en articulaci\u00f3n con las direcciones de nivel, modalidad y \u00e1mbito pertenecientes a la subsecretar\u00eda de Educaci\u00f3n y otros organismos y referentes en la tem\u00e1tica, con el objetivo de consolidar esta herramienta para la intervenci\u00f3n socioeducativa sobre los conflictos y las situaciones de vulneraci\u00f3n de derechos que suceden en el \u00e1mbito escolar.<\/p>\n<p>Se trata de una actualizaci\u00f3n de la denominada\u00a0<strong>\u201cGu\u00eda de orientaci\u00f3n para la intervenci\u00f3n en situaciones conflictivas y de vulneraci\u00f3n de derechos en el escenario escolar\u201d<\/strong>, que data desde 2012.<\/p>\n<p>El objetivo, se\u00f1alaron, es consolidar esta herramienta para la intervenci\u00f3n socioeducativa sobre los conflictos y las situaciones de vulneraci\u00f3n de derechos que suceden en las escuelas.<\/p>\n<p>Durante la presentaci\u00f3n, Alberto Sileoni destac\u00f3 que \u201cesta gu\u00eda se suma a diferentes acciones que estamos llevando a cabo, entre ellas el Acuerdo Paritario firmado con el Frente Gremial Docente sobre resguardo y reparaci\u00f3n\u201d.<\/p>\n<p>\u201cLa actualizaci\u00f3n de la Gu\u00eda forma parte de una pol\u00edtica p\u00fablica del gobierno de Axel Kicillof ante los hechos de violencia escolar y en defensa de las y los docentes, estudiantes, familias, directivos y principalmente de los ni\u00f1os y j\u00f3venes que son un pilar para la educaci\u00f3n bonaerenses\u201d, explic\u00f3 el Ministro.<\/p>\n<p>Cabe destacar que la semana pasada, el\u00a0<strong>Frente de Unidad Docente Bonaerense<\/strong>\u00a0(FUDB) realiz\u00f3 una presentaci\u00f3n formal ante la Direcci\u00f3n General de Cultura y Educaci\u00f3n en el que pidieron \u00abla\u00a0<strong>urgente implementaci\u00f3n del\u00a0<\/strong><strong>Acuerdo Paritario de Resguardo y Reparaci\u00f3n<\/strong>\u00bb que se firm\u00f3 a mediados de mayo. Hay preocupaci\u00f3n por los \u00abgraves hechos de violencia\u00bb ocurridos en escuelas.<\/p>\n<p>Los 5 gremios del FUDB coincidieron en la necesidad de \u00abavanzar en la construcci\u00f3n de derechos y afianzar a las Escuelas <strong>como espacios de cuidado, de paz y de construcci\u00f3n de conocimiento<\/strong>\u00ab, y en esa l\u00ednea solicitaron poner en marcha la normativa de Resguardo y Reparaci\u00f3n que firmaron el 16 de mayo. En ese documento hab\u00edan establecido un\u00a0<strong>plan para prevenir, erradicar y abordar la violencia y el acoso en el \u00e1mbito laboral educativo<\/strong>.<\/p>\n<p><strong>La nueva gu\u00eda de actuaci\u00f3n:<\/strong><\/p>\n<p>Desde la Direcci\u00f3n General de Cultura y Educaci\u00f3n se\u00f1alaron que los lineamientos \u00abbrindan un andamiaje normativo\u00bb que reconoce y garantiza derechos; marcos y categor\u00edas conceptuales que dan cuenta de los modos en que se expresan en la actualidad los conflictos sociales en el escenario escolar, con un encuadre de procedimiento con dos objetivos:<\/p>\n<ul>\n<li>promover la anticipaci\u00f3n a situaciones no deseables<\/li>\n<li>orientar a las instituciones educativas a desarrollar las mejores intervenciones para preservar a estudiantes, docentes, directivos, auxiliares y familias<\/li>\n<\/ul>\n<p>Asimismo, propone \u00abun amplio desarrollo\u00bb con relaci\u00f3n a <strong>las violencias por razones de g\u00e9nero<\/strong>, que de momento no figuraba. Otro de los temas relevantes son las situaciones de conflicto o de <strong>vulneraci\u00f3n de derechos que se generan a trav\u00e9s de las redes sociales<\/strong>, como el\u00a0<strong>grooming<\/strong>, que en m\u00faltiples ocasiones, genera un malestar que luego se manifiesta en el aula, el patio y en la escuela en general. <strong>(VW)<\/strong><\/p>\n","protected":false},"excerpt":{"rendered":"<p>Educaci\u00f3n actualiz\u00f3 los pasos para abordar conflictos en las escuelas y c\u00f3mo accionar ante situaciones complejas, tras la demanda de los gremios docentes.<\/p>\n","protected":false},"author":4,"featured_media":10911,"comment_status":"closed","ping_status":"closed","sticky":false,"template":"","format":"standard","meta":{"_monsterinsights_skip_tracking":false,"_monsterinsights_sitenote_active":false,"_monsterinsights_sitenote_note":"","_monsterinsights_sitenote_category":0,"footnotes":""},"categories":[7,5],"tags":[4537,356,2160],"class_list":["post-10910","post","type-post","status-publish","format-standard","has-post-thumbnail","hentry","category-educacion-y-cultura","category-sociedad","tag-guia-para-abordar-conflictos-en-escuelas","tag-provincia","tag-sileoni"],"_links":{"self":[{"href":"https:\/\/www.visionweb.com.ar\/index.php?rest_route=\/wp\/v2\/posts\/10910","targetHints":{"allow":["GET"]}}],"collection":[{"href":"https:\/\/www.visionweb.com.ar\/index.php?rest_route=\/wp\/v2\/posts"}],"about":[{"href":"https:\/\/www.visionweb.com.ar\/index.php?rest_route=\/wp\/v2\/types\/post"}],"author":[{"embeddable":true,"href":"https:\/\/www.visionweb.com.ar\/index.php?rest_route=\/wp\/v2\/users\/4"}],"replies":[{"embeddable":true,"href":"https:\/\/www.visionweb.com.ar\/index.php?rest_route=%2Fwp%2Fv2%2Fcomments&post=10910"}],"version-history":[{"count":1,"href":"https:\/\/www.visionweb.com.ar\/index.php?rest_route=\/wp\/v2\/posts\/10910\/revisions"}],"predecessor-version":[{"id":10912,"href":"https:\/\/www.visionweb.com.ar\/index.php?rest_route=\/wp\/v2\/posts\/10910\/revisions\/10912"}],"wp:featuredmedia":[{"embeddable":true,"href":"https:\/\/www.visionweb.com.ar\/index.php?rest_route=\/wp\/v2\/media\/10911"}],"wp:attachment":[{"href":"https:\/\/www.visionweb.com.ar\/index.php?rest_route=%2Fwp%2Fv2%2Fmedia&parent=10910"}],"wp:term":[{"taxonomy":"category","embeddable":true,"href":"https:\/\/www.visionweb.com.ar\/index.php?rest_route=%2Fwp%2Fv2%2Fcategories&post=10910"},{"taxonomy":"post_tag","embeddable":true,"href":"https:\/\/www.visionweb.com.ar\/index.php?rest_route=%2Fwp%2Fv2%2Ftags&post=10910"}],"curies":[{"name":"wp","href":"https:\/\/api.w.org\/{rel}","templated":true}]}}