{"id":10904,"date":"2023-06-08T12:55:34","date_gmt":"2023-06-08T15:55:34","guid":{"rendered":"https:\/\/www.visionweb.com.ar\/?p=10904"},"modified":"2023-06-08T12:55:34","modified_gmt":"2023-06-08T15:55:34","slug":"el-teatro-argentino-convoca-a-musicos-para-integrar-la-orquesta-estable","status":"publish","type":"post","link":"https:\/\/www.visionweb.com.ar\/?p=10904","title":{"rendered":"El Teatro Argentino convoca a m\u00fasicos para integrar la Orquesta Estable"},"content":{"rendered":"<p><em><strong>El Instituto Cultural bonaerense har\u00e1 una nueva audici\u00f3n para integrar la Orquesta Estable del Teatro Argentino de la ciudad de La Plata. <\/strong><\/em><!--more--><\/p>\n<div id=\"attachment_10905\" style=\"width: 310px\" class=\"wp-caption alignright\"><img loading=\"lazy\" decoding=\"async\" aria-describedby=\"caption-attachment-10905\" class=\"wp-image-10905 size-medium\" src=\"https:\/\/www.visionweb.com.ar\/wp-content\/uploads\/2023\/06\/convocan-a-musicos-300x151.png\" alt=\"\" width=\"300\" height=\"151\" srcset=\"https:\/\/www.visionweb.com.ar\/wp-content\/uploads\/2023\/06\/convocan-a-musicos-300x151.png 300w, https:\/\/www.visionweb.com.ar\/wp-content\/uploads\/2023\/06\/convocan-a-musicos.png 319w\" sizes=\"auto, (max-width: 300px) 100vw, 300px\" \/><p id=\"caption-attachment-10905\" class=\"wp-caption-text\">Teatro Argentino de La Plata.<\/p><\/div>\n<p><strong>\u00a0\u00a0 E<\/strong>l <strong>Instituto Cultural de la provincia de Buenos Aires<\/strong> realizar\u00e1 una nueva audici\u00f3n el\u00a0<strong>pr\u00f3ximo 29 y 30 de junio\u00a0<\/strong>para int\u00e9rpretes de\u00a0<strong>viol\u00edn y fagot\u00a0<\/strong>que deseen desempe\u00f1arse como m\u00fasicos de refuerzo en la Orquesta Estable del Teatro Argentino de La Plata.<\/p>\n<p>Seg\u00fan explic\u00f3 el Instituto bonaerense a trav\u00e9s de un comunicado, la prueba de selecci\u00f3n de violinistas se realizar\u00e1 el jueves 29, mientras que la de fagotistas ser\u00e1 el viernes 30 de junio.<\/p>\n<p>Ambas audiciones comenzar\u00e1n a las 14 y se realizar\u00e1n en la Sala de Orquesta, ubicada en el segundo subsuelo del teatro de las calles 51 entre 9 y 10.<\/p>\n<p>En la primera etapa, con car\u00e1cter de eliminatoria, los postulantes tendr\u00e1n que interpretar obras impuestas y, en el caso de los violinistas, tambi\u00e9n una obra a elecci\u00f3n. Cabe remarcar que, el pianista acompa\u00f1ante deber\u00e1 ser provisto por el participante.<\/p>\n<p>La segunda etapa consistir\u00e1 en la lectura de fragmentos orquestales que ser\u00e1n entregados a los aspirantes al momento de formalizar su inscripci\u00f3n.<\/p>\n<p>Quienes quieran inscribirse podr\u00e1n hacerlo a partir de hoy hasta el martes 27 de junio. Para ello, deber\u00e1n enviar un mail a ta.audicionesorquesta@gmail.com, donde deber\u00e1n incluir los datos personales, foto del DNI (anverso y reverso), curr\u00edculum, la obra impuesta y la obra a elecci\u00f3n que se interpretar\u00e1. Las obras impuestas pueden consultarse en el siguiente\u00a0<a href=\"https:\/\/www.gba.gob.ar\/teatro_argentino\/noticias.\">link<\/a>. <strong>(VW)<\/strong><\/p>\n","protected":false},"excerpt":{"rendered":"<p>El Instituto Cultural bonaerense har\u00e1 una nueva audici\u00f3n para integrar la Orquesta Estable del Teatro Argentino de la ciudad de La Plata.<\/p>\n","protected":false},"author":4,"featured_media":10905,"comment_status":"closed","ping_status":"closed","sticky":false,"template":"","format":"standard","meta":{"_monsterinsights_skip_tracking":false,"_monsterinsights_sitenote_active":false,"_monsterinsights_sitenote_note":"","_monsterinsights_sitenote_category":0,"footnotes":""},"categories":[8],"tags":[4534,4535,4533,3042],"class_list":["post-10904","post","type-post","status-publish","format-standard","has-post-thumbnail","hentry","category-interes-general","tag-audicion","tag-convocatoria-de-musicos","tag-instituto-cultural-parovincial","tag-teatro-argentino"],"_links":{"self":[{"href":"https:\/\/www.visionweb.com.ar\/index.php?rest_route=\/wp\/v2\/posts\/10904","targetHints":{"allow":["GET"]}}],"collection":[{"href":"https:\/\/www.visionweb.com.ar\/index.php?rest_route=\/wp\/v2\/posts"}],"about":[{"href":"https:\/\/www.visionweb.com.ar\/index.php?rest_route=\/wp\/v2\/types\/post"}],"author":[{"embeddable":true,"href":"https:\/\/www.visionweb.com.ar\/index.php?rest_route=\/wp\/v2\/users\/4"}],"replies":[{"embeddable":true,"href":"https:\/\/www.visionweb.com.ar\/index.php?rest_route=%2Fwp%2Fv2%2Fcomments&post=10904"}],"version-history":[{"count":1,"href":"https:\/\/www.visionweb.com.ar\/index.php?rest_route=\/wp\/v2\/posts\/10904\/revisions"}],"predecessor-version":[{"id":10906,"href":"https:\/\/www.visionweb.com.ar\/index.php?rest_route=\/wp\/v2\/posts\/10904\/revisions\/10906"}],"wp:featuredmedia":[{"embeddable":true,"href":"https:\/\/www.visionweb.com.ar\/index.php?rest_route=\/wp\/v2\/media\/10905"}],"wp:attachment":[{"href":"https:\/\/www.visionweb.com.ar\/index.php?rest_route=%2Fwp%2Fv2%2Fmedia&parent=10904"}],"wp:term":[{"taxonomy":"category","embeddable":true,"href":"https:\/\/www.visionweb.com.ar\/index.php?rest_route=%2Fwp%2Fv2%2Fcategories&post=10904"},{"taxonomy":"post_tag","embeddable":true,"href":"https:\/\/www.visionweb.com.ar\/index.php?rest_route=%2Fwp%2Fv2%2Ftags&post=10904"}],"curies":[{"name":"wp","href":"https:\/\/api.w.org\/{rel}","templated":true}]}}