{"id":10902,"date":"2023-06-08T12:25:25","date_gmt":"2023-06-08T15:25:25","guid":{"rendered":"https:\/\/www.visionweb.com.ar\/?p=10902"},"modified":"2023-06-08T12:25:25","modified_gmt":"2023-06-08T15:25:25","slug":"juntos-por-el-cambio-oficializo-la-incorporacion-de-jose-luis-espert","status":"publish","type":"post","link":"https:\/\/www.visionweb.com.ar\/?p=10902","title":{"rendered":"Juntos por el Cambio oficializ\u00f3 la incorporaci\u00f3n de Jos\u00e9 Luis Espert"},"content":{"rendered":"<p><em><strong>En medio de una interna cada vez m\u00e1s tensa, Espert lleg\u00f3 a Juntos por el Cambio y ya se meti\u00f3 en la interna PRO.<\/strong><\/em><!--more--><\/p>\n<p><strong> <img loading=\"lazy\" decoding=\"async\" class=\"size-full wp-image-10452 alignright\" src=\"https:\/\/www.visionweb.com.ar\/wp-content\/uploads\/2023\/04\/Espert.png\" alt=\"\" width=\"275\" height=\"183\" \/>\u00a0 E<\/strong>l precandidato a presidente por Avanza Libertad,\u00a0<strong>Jos\u00e9 Luis Espert<\/strong>, logr\u00f3 su incorporaci\u00f3n a Juntos por el Cambio, con la bienvenida de los l\u00edderes de la principal alianza opositora.<\/p>\n<p>De esta manera, el jefe de Gobierno porte\u00f1o, Horacio Rodr\u00edguez Larreta oficializ\u00f3 el desembarco de Espert a trav\u00e9s de Twitter: \u00abBienvenido Jos\u00e9 Luis Espert, un economista prestigioso con una profunda vocaci\u00f3n de cambio, defensor de la democracia y de las ideas de la libertad\u00bb, expres\u00f3.<\/p>\n<p>Esto se dio en medio del conflicto interno del PRO, en la puja entre Larreta y Patricia Bullrich, donde Espert, en tono de agradecimiento afirm\u00f3: \u00abEl cambio total y definitivo que los argentinos necesitamos para dejar atr\u00e1s al kirchnerismo enfrenta a Juntos por el Cambio a dos desaf\u00edos:\u00a0<strong>que estemos m\u00e1s unidos que nunca y que al mismo tiempo nos ampliemos sumando nuevas ideas y gente de bien<\/strong>\u00ab.<\/p>\n<p>\u00abIniciamos un camino com\u00fan por la lucha de la libertad para recuperar la Argentina. Ustedes y nosotros. Juntos\u00bb, defini\u00f3.<\/p>\n<p>Por otra parte, la pol\u00e9mica en <strong>Juntos<\/strong> sigue vigente y est\u00e1 relacionada con el desembarco de\u00a0<strong>Juan Schiaretti<\/strong>, y en ese sentido Patricia Bullrich se resiste a que esto pase, le dio la bienvenida a Espert pero remarc\u00f3 su postura con respecto a Schiaretti.<\/p>\n<p>\u00abLas ideas liberales que defiende con fuerza (Espert) son esenciales para el cambio profundo que necesitamos.\u00a0<strong>Esta decisi\u00f3n no cambia la defensa de C\u00f3rdoba y contra el intento de traer a aquellos que votaron junto al kirchnerismo<\/strong>\u00ab, asegur\u00f3 Bullrich. <strong>(VW)<\/strong><\/p>\n","protected":false},"excerpt":{"rendered":"<p>En medio de una interna cada vez m\u00e1s tensa, Espert lleg\u00f3 a Juntos por el Cambio y ya se meti\u00f3 en la interna PRO.<\/p>\n","protected":false},"author":4,"featured_media":10452,"comment_status":"closed","ping_status":"closed","sticky":false,"template":"","format":"standard","meta":{"_monsterinsights_skip_tracking":false,"_monsterinsights_sitenote_active":false,"_monsterinsights_sitenote_note":"","_monsterinsights_sitenote_category":0,"footnotes":""},"categories":[4],"tags":[4333,781,545],"class_list":["post-10902","post","type-post","status-publish","format-standard","has-post-thumbnail","hentry","category-politica","tag-jose-luis-espert","tag-juntos-por-el-cambio","tag-pro"],"_links":{"self":[{"href":"https:\/\/www.visionweb.com.ar\/index.php?rest_route=\/wp\/v2\/posts\/10902","targetHints":{"allow":["GET"]}}],"collection":[{"href":"https:\/\/www.visionweb.com.ar\/index.php?rest_route=\/wp\/v2\/posts"}],"about":[{"href":"https:\/\/www.visionweb.com.ar\/index.php?rest_route=\/wp\/v2\/types\/post"}],"author":[{"embeddable":true,"href":"https:\/\/www.visionweb.com.ar\/index.php?rest_route=\/wp\/v2\/users\/4"}],"replies":[{"embeddable":true,"href":"https:\/\/www.visionweb.com.ar\/index.php?rest_route=%2Fwp%2Fv2%2Fcomments&post=10902"}],"version-history":[{"count":1,"href":"https:\/\/www.visionweb.com.ar\/index.php?rest_route=\/wp\/v2\/posts\/10902\/revisions"}],"predecessor-version":[{"id":10903,"href":"https:\/\/www.visionweb.com.ar\/index.php?rest_route=\/wp\/v2\/posts\/10902\/revisions\/10903"}],"wp:featuredmedia":[{"embeddable":true,"href":"https:\/\/www.visionweb.com.ar\/index.php?rest_route=\/wp\/v2\/media\/10452"}],"wp:attachment":[{"href":"https:\/\/www.visionweb.com.ar\/index.php?rest_route=%2Fwp%2Fv2%2Fmedia&parent=10902"}],"wp:term":[{"taxonomy":"category","embeddable":true,"href":"https:\/\/www.visionweb.com.ar\/index.php?rest_route=%2Fwp%2Fv2%2Fcategories&post=10902"},{"taxonomy":"post_tag","embeddable":true,"href":"https:\/\/www.visionweb.com.ar\/index.php?rest_route=%2Fwp%2Fv2%2Ftags&post=10902"}],"curies":[{"name":"wp","href":"https:\/\/api.w.org\/{rel}","templated":true}]}}