{"id":10899,"date":"2023-06-08T12:04:22","date_gmt":"2023-06-08T15:04:22","guid":{"rendered":"https:\/\/www.visionweb.com.ar\/?p=10899"},"modified":"2023-06-08T12:04:22","modified_gmt":"2023-06-08T15:04:22","slug":"la-ocde-pronostico-que-este-ano-la-economia-argentina-caera-16","status":"publish","type":"post","link":"https:\/\/www.visionweb.com.ar\/?p=10899","title":{"rendered":"La OCDE pronostic\u00f3 que este a\u00f1o la econom\u00eda argentina caer\u00e1 1,6%"},"content":{"rendered":"<p><em><strong>El organismo public\u00f3 su informe para el mes de junio, donde consider\u00f3 que la inflaci\u00f3n cerrar\u00e1 en 106,9% en 2023, y plantea su fundamentaci\u00f3n en la\u00a0ca\u00edda del consumo y las inversiones, en medio de un escenario electoral.<\/strong><\/em><!--more--><\/p>\n<div id=\"attachment_10900\" style=\"width: 310px\" class=\"wp-caption alignright\"><img loading=\"lazy\" decoding=\"async\" aria-describedby=\"caption-attachment-10900\" class=\"wp-image-10900 size-medium\" src=\"https:\/\/www.visionweb.com.ar\/wp-content\/uploads\/2023\/06\/la-ocde-300x177.png\" alt=\"\" width=\"300\" height=\"177\" srcset=\"https:\/\/www.visionweb.com.ar\/wp-content\/uploads\/2023\/06\/la-ocde-300x177.png 300w, https:\/\/www.visionweb.com.ar\/wp-content\/uploads\/2023\/06\/la-ocde.png 312w\" sizes=\"auto, (max-width: 300px) 100vw, 300px\" \/><p id=\"caption-attachment-10900\" class=\"wp-caption-text\">Organizaci\u00f3n para la Cooperaci\u00f3n y el Desarrollo Econ\u00f3mico (OCDE)\u00a0<\/p><\/div>\n<p><strong> \u00a0 L<\/strong>a<strong>\u00a0Organizaci\u00f3n para la Cooperaci\u00f3n y el Desarrollo Econ\u00f3mico (OCDE)\u00a0<\/strong>realiz\u00f3 un nuevo informe de perspectivas econ\u00f3micas para los pa\u00edses de Am\u00e9rica Latina,\u00a0en el cual<strong> revela que Argentina es el pa\u00eds con peor desempe\u00f1o econ\u00f3mico entre las naciones miembro.<\/strong><\/p>\n<p><strong>En el informe, las previsiones para Argentina para el 2023 son negativas: es el pa\u00eds con peor desempe\u00f1o econ\u00f3mico.<\/strong><\/p>\n<p>As\u00ed, el informe del organismo multilateral detalla que\u00a0<strong>el Producto Bruto Interno (PBI) argentino sufrir\u00e1 una contracci\u00f3n del 1,6% en 2023,\u00a0<\/strong>mientras que para el 2024 prev\u00e9 que se recupere un 1,1%.<\/p>\n<p>Esta previsi\u00f3n se contrapone con la proyecci\u00f3n de marzo, que estimaba un crecimiento del 0,1% para el presente a\u00f1o.<\/p>\n<p>La recesi\u00f3n pronosticada <strong>para Argentina<\/strong> estar\u00e1 por encima de la esperada para <strong>Rusia<\/strong>, que se calcula en un 1,5%. Ambos pa\u00edses son\u00a0<strong>las dos \u00fanicas econom\u00edas pertenecientes a la OCDE que caer\u00e1n durante este a\u00f1o.<\/strong><\/p>\n<p>De esta manera, la estimaci\u00f3n del organismo internacional va en la misma direcci\u00f3n que otras instituciones como la Comisi\u00f3n Econ\u00f3mica para Am\u00e9rica Latina y el Caribe\u00a0<strong>(CEPAL) que prev\u00e9 una ca\u00edda a\u00fan mayor del PBI argentino (2%) y el Banco Mundial, que coincide con ese mismo diagn\u00f3stico.\u00a0<\/strong><\/p>\n<p>Mientras el Fondo Monetario Internacional (FMI), por su parte, se diferencia y a\u00fan proyecta un crecimiento del 0,25% para el pa\u00eds.<\/p>\n<p>El an\u00e1lisis de la OCDE, plantea su fundamentaci\u00f3n en la\u00a0<strong>ca\u00edda del consumo y las inversiones en medio de la incertidumbre pol\u00edtica\u00a0<\/strong>ante el escenario electoral que atravesar\u00e1 el pa\u00eds en el presente calendario.<\/p>\n<p>Por otro lado, en el informe correspondiente a junio indicaron que \u201cel mercado laboral ha mejorado, pero\u00a0<strong>se espera que la pr\u00f3xima recesi\u00f3n traiga consigo una ca\u00edda del empleo<\/strong>.<\/p>\n<p>Con respecto a la i<strong>nflaci\u00f3n<\/strong>, la\u00a0<strong>OCDE <\/strong>indic\u00f3 que <strong>en abril se ha elevado hasta el nivel m\u00e1s alto de los \u00faltimos 30 a\u00f1os (108,8% interanual),\u00a0<\/strong>y prev\u00e9 que termine el a\u00f1o en un 106,9% interanual.<\/p>\n<p>El organismo entiende que la persistencia del fen\u00f3meno inflacionario se debe a las presiones salariales y al aumento de los precios de los alimentos.<\/p>\n<p>En relaci\u00f3n a la pol\u00edtica de suba de las tasas de inter\u00e9s llevada a cabo por la autoridad monetaria local, el organismo consider\u00f3 que \u201cha mejorado los incentivos para mantener saldos en moneda nacional y ha aliviado ligeramente las presiones sobre el tipo de cambio\u201d. Al mismo tiempo, recomend\u00f3 al Banco Central que \u201c<strong>en vista de los recientes repuntes de la inflaci\u00f3n, es necesario que se realicen nuevas subidas durante 2023\u2033<\/strong>.<\/p>\n<p>Con este panorama, los especialistas de la OCDE advirtieron que \u201clas escasas reservas de divisas, las estrictas restricciones monetarias y los grandes vol\u00famenes de bonos del Banco Central en circulaci\u00f3n en un contexto de inflaci\u00f3n y tasas de inter\u00e9s al alza\u00a0<strong>podr\u00edan provocar una devaluaci\u00f3n de la moneda, una espiral inflacionista y la incapacidad de cumplir los objetivos fiscales\u00a0<\/strong>actuales\u201d.<\/p>\n<p>A su vez, manifestaron que \u201clas presiones pol\u00edticas para aumentar el gasto ante el deterioro de la situaci\u00f3n econ\u00f3mica tambi\u00e9n podr\u00edan poner en peligro el ajuste fiscal previsto\u201d.<\/p>\n<p>En tanto que remarcaron positivamente que\u00a0<strong>\u201cuna mayor demanda mundial de las exportaciones argentinas\u00a0<\/strong>podr\u00eda dar lugar a un aumento del crecimiento y de la entrada de divisas, reduciendo la presi\u00f3n sobre el tipo de cambio\u201d.<\/p>\n<p>Cabe mencionar que la OCDE tiene como objetivo promover pol\u00edticas que favorezcan la prosperidad, la igualdad, las oportunidades y el bienestar para todas las personas.<strong> (VW)<\/strong><\/p>\n<p>&nbsp;<\/p>\n","protected":false},"excerpt":{"rendered":"<p>El organismo public\u00f3 su informe para el mes de junio, donde consider\u00f3 que la inflaci\u00f3n cerrar\u00e1 en 106,9% en 2023, y plantea su fundamentaci\u00f3n en la\u00a0ca\u00edda del consumo y las inversiones, en medio de&#46;&#46;&#46;<\/p>\n","protected":false},"author":4,"featured_media":10900,"comment_status":"closed","ping_status":"closed","sticky":false,"template":"","format":"standard","meta":{"_monsterinsights_skip_tracking":false,"_monsterinsights_sitenote_active":false,"_monsterinsights_sitenote_note":"","_monsterinsights_sitenote_category":0,"footnotes":""},"categories":[6,4],"tags":[4531,2374,4532],"class_list":["post-10899","post","type-post","status-publish","format-standard","has-post-thumbnail","hentry","category-economia","category-politica","tag-informe-economico","tag-ocde","tag-perspectivas-economicas"],"_links":{"self":[{"href":"https:\/\/www.visionweb.com.ar\/index.php?rest_route=\/wp\/v2\/posts\/10899","targetHints":{"allow":["GET"]}}],"collection":[{"href":"https:\/\/www.visionweb.com.ar\/index.php?rest_route=\/wp\/v2\/posts"}],"about":[{"href":"https:\/\/www.visionweb.com.ar\/index.php?rest_route=\/wp\/v2\/types\/post"}],"author":[{"embeddable":true,"href":"https:\/\/www.visionweb.com.ar\/index.php?rest_route=\/wp\/v2\/users\/4"}],"replies":[{"embeddable":true,"href":"https:\/\/www.visionweb.com.ar\/index.php?rest_route=%2Fwp%2Fv2%2Fcomments&post=10899"}],"version-history":[{"count":1,"href":"https:\/\/www.visionweb.com.ar\/index.php?rest_route=\/wp\/v2\/posts\/10899\/revisions"}],"predecessor-version":[{"id":10901,"href":"https:\/\/www.visionweb.com.ar\/index.php?rest_route=\/wp\/v2\/posts\/10899\/revisions\/10901"}],"wp:featuredmedia":[{"embeddable":true,"href":"https:\/\/www.visionweb.com.ar\/index.php?rest_route=\/wp\/v2\/media\/10900"}],"wp:attachment":[{"href":"https:\/\/www.visionweb.com.ar\/index.php?rest_route=%2Fwp%2Fv2%2Fmedia&parent=10899"}],"wp:term":[{"taxonomy":"category","embeddable":true,"href":"https:\/\/www.visionweb.com.ar\/index.php?rest_route=%2Fwp%2Fv2%2Fcategories&post=10899"},{"taxonomy":"post_tag","embeddable":true,"href":"https:\/\/www.visionweb.com.ar\/index.php?rest_route=%2Fwp%2Fv2%2Ftags&post=10899"}],"curies":[{"name":"wp","href":"https:\/\/api.w.org\/{rel}","templated":true}]}}