{"id":10896,"date":"2023-06-08T09:13:51","date_gmt":"2023-06-08T12:13:51","guid":{"rendered":"https:\/\/www.visionweb.com.ar\/?p=10896"},"modified":"2023-06-08T09:13:51","modified_gmt":"2023-06-08T12:13:51","slug":"gobernadores-del-pj-piden-unidad-y-consenso-para-evitar-una-interna","status":"publish","type":"post","link":"https:\/\/www.visionweb.com.ar\/?p=10896","title":{"rendered":"Gobernadores del PJ piden \u201cunidad y consenso\u201d para evitar una interna"},"content":{"rendered":"<p><em><strong>Tambi\u00e9n llamaron a \u201celaborar una estrategia electoral\u201d federal y a convocar \u201ca otras fuerzas pol\u00edticas\u201d.<\/strong><\/em><!--more--><\/p>\n<p><strong><img loading=\"lazy\" decoding=\"async\" class=\"size-medium wp-image-10897 alignright\" src=\"https:\/\/www.visionweb.com.ar\/wp-content\/uploads\/2023\/06\/GOBERNADORES-PJ-300x200.png\" alt=\"\" width=\"300\" height=\"200\" srcset=\"https:\/\/www.visionweb.com.ar\/wp-content\/uploads\/2023\/06\/GOBERNADORES-PJ-300x200.png 300w, https:\/\/www.visionweb.com.ar\/wp-content\/uploads\/2023\/06\/GOBERNADORES-PJ.png 640w\" sizes=\"auto, (max-width: 300px) 100vw, 300px\" \/>A<\/strong> una semana de la presentaci\u00f3n de las alianzas en la justicia electoral, mientras el oficialismo y la opopsici\u00f3n se debaten en internes muy calientes, los gobernadores del PJ pidieron que el Frente de Todos vaya a las elecciones de este a\u00f1o en \u201cunidad y consenso\u201d, evitando una competici\u00f3n interna, y convoque a otras fuerzas pol\u00edticas en el marco de una estrategia electoral federal.<\/p>\n<p>El reclamo surgi\u00f3 con la publicaci\u00f3n de un documento,\u00a0 luego\u00a0 de una reuni\u00f3n que se concret\u00f3 en la v\u00edspera\u00a0 Consejo Federal de Inversiones (CFI), inform\u00f3 la agencia DIB.<\/p>\n<p>\u201cTodos exigimos unidad y consenso\u201d, se\u00f1al\u00f3 el mandatario de Chaco, Jorge \u201cCoqui\u201d Capitanich, una vez terminado el encuentro. Y consider\u00f3 que si hay una interna en la primaria (PASO) la misma deber\u00eda ser acotada para que \u201cno haya dispersi\u00f3n\u201d.<\/p>\n<p>Adem\u00e1s de Capitanich, del encuentro participaron Axel Kicillof (Buenos Aires), Alicia Kirchner (Santa Cruz), Gustavo Bordet (Entre R\u00edos), Ra\u00fal Jalil (Catamarca), Sergio Ziliotto (La Pampa), Ricardo Quintela (La Rioja), Gildo Insfr\u00e1n (Formosa), Mariano Arcioni (Chubut), Oscar Herrera Ahuad (Misiones), Sergio U\u00f1ac (San Juan), Gerardo Zamora (Santiago del Estero) y Gustavo Melella (Tierra del Fuego).<\/p>\n<p>Despu\u00e9s del encuentro, los mandatarios peronistas provinciales tambi\u00e9n emitieron un documento en el que llamaron a \u201celaborar una estrategia electoral superadora de la coyuntura y de car\u00e1cter federal, convocando a otras fuerzas pol\u00edticas\u201d.<\/p>\n<p>Asimismo, pidieron \u201cconformar una acci\u00f3n de comisi\u00f3n de acci\u00f3n pol\u00edtica que contribuya a la construcci\u00f3n de un Plan de Gobierno en el que prime el desarrollo y la inclusi\u00f3n social\u201d.<\/p>\n<p>\u201cQueremos ser respetuosos de todas las posiciones. Entendemos las de cada uno pero creemos que el impacto de m\u00faltiples candidaturas nacionales nos perjudica\u201d, dijo Capitanich<strong>(vw)<\/strong>.<\/p>\n<p>&nbsp;<\/p>\n","protected":false},"excerpt":{"rendered":"<p>Tambi\u00e9n llamaron a \u201celaborar una estrategia electoral\u201d federal y a convocar \u201ca otras fuerzas pol\u00edticas\u201d.<\/p>\n","protected":false},"author":3,"featured_media":10897,"comment_status":"closed","ping_status":"closed","sticky":false,"template":"","format":"standard","meta":{"_monsterinsights_skip_tracking":false,"_monsterinsights_sitenote_active":false,"_monsterinsights_sitenote_note":"","_monsterinsights_sitenote_category":0,"footnotes":""},"categories":[4],"tags":[],"class_list":["post-10896","post","type-post","status-publish","format-standard","has-post-thumbnail","hentry","category-politica"],"_links":{"self":[{"href":"https:\/\/www.visionweb.com.ar\/index.php?rest_route=\/wp\/v2\/posts\/10896","targetHints":{"allow":["GET"]}}],"collection":[{"href":"https:\/\/www.visionweb.com.ar\/index.php?rest_route=\/wp\/v2\/posts"}],"about":[{"href":"https:\/\/www.visionweb.com.ar\/index.php?rest_route=\/wp\/v2\/types\/post"}],"author":[{"embeddable":true,"href":"https:\/\/www.visionweb.com.ar\/index.php?rest_route=\/wp\/v2\/users\/3"}],"replies":[{"embeddable":true,"href":"https:\/\/www.visionweb.com.ar\/index.php?rest_route=%2Fwp%2Fv2%2Fcomments&post=10896"}],"version-history":[{"count":1,"href":"https:\/\/www.visionweb.com.ar\/index.php?rest_route=\/wp\/v2\/posts\/10896\/revisions"}],"predecessor-version":[{"id":10898,"href":"https:\/\/www.visionweb.com.ar\/index.php?rest_route=\/wp\/v2\/posts\/10896\/revisions\/10898"}],"wp:featuredmedia":[{"embeddable":true,"href":"https:\/\/www.visionweb.com.ar\/index.php?rest_route=\/wp\/v2\/media\/10897"}],"wp:attachment":[{"href":"https:\/\/www.visionweb.com.ar\/index.php?rest_route=%2Fwp%2Fv2%2Fmedia&parent=10896"}],"wp:term":[{"taxonomy":"category","embeddable":true,"href":"https:\/\/www.visionweb.com.ar\/index.php?rest_route=%2Fwp%2Fv2%2Fcategories&post=10896"},{"taxonomy":"post_tag","embeddable":true,"href":"https:\/\/www.visionweb.com.ar\/index.php?rest_route=%2Fwp%2Fv2%2Ftags&post=10896"}],"curies":[{"name":"wp","href":"https:\/\/api.w.org\/{rel}","templated":true}]}}