{"id":10893,"date":"2023-06-07T15:39:25","date_gmt":"2023-06-07T18:39:25","guid":{"rendered":"https:\/\/www.visionweb.com.ar\/?p=10893"},"modified":"2023-06-07T15:39:25","modified_gmt":"2023-06-07T18:39:25","slug":"milei-dijo-no-a-una-alianza-electoral-con-patricia-bullrich","status":"publish","type":"post","link":"https:\/\/www.visionweb.com.ar\/?p=10893","title":{"rendered":"Milei dijo no a una alianza electoral con Patricia Bullrich"},"content":{"rendered":"<p><em><strong>El precandidato presidencial libertario aprovech\u00f3 para criticar a Larreta y dijo tener \u00abaprecio\u00bb por la dirigente del PRO y por el expresidente Mauricio Macri.<\/strong><\/em><!--more--><\/p>\n<p><strong>\u00a0 \u00a0 \u00a0 <img loading=\"lazy\" decoding=\"async\" class=\"size-medium wp-image-10894 alignright\" src=\"https:\/\/www.visionweb.com.ar\/wp-content\/uploads\/2023\/06\/MILEI-300x200.png\" alt=\"\" width=\"300\" height=\"200\" srcset=\"https:\/\/www.visionweb.com.ar\/wp-content\/uploads\/2023\/06\/MILEI-300x200.png 300w, https:\/\/www.visionweb.com.ar\/wp-content\/uploads\/2023\/06\/MILEI.png 640w\" sizes=\"auto, (max-width: 300px) 100vw, 300px\" \/>E<\/strong>l diputado nacional y precandidato presidencial libertario, Javier Milei, afirm\u00f3 este mi\u00e9rcoles que \u201ces muy tarde\u201d para hacer una alianza con la aspirante presidencial del PRO Patricia Bullrich.<\/p>\n<p>\u201cEs muy tarde, estamos muy cerca del armado de las listas. Tengo una buena relaci\u00f3n con la se\u00f1ora Bullrich y adem\u00e1s le tengo aprecio, igual que al se\u00f1or Mauricio Macri, pero parece que es muy tarde\u201d, respondi\u00f3 Milei sobre la posibilidad de una alianza pol\u00edtica con la exministra de Seguridad.<\/p>\n<p>En medio de los cruces en Juntos por el Cambio por la propuesta de incorporar al gobernador cordob\u00e9s Juan Schiaretti a ese espacio, Milei apunt\u00f3, aunque sin nombrarlo, contra Horacio Rodr\u00edguez Larreta, principal impulsor de esa iniciativa: \u201cYo les avis\u00e9 que iban a ser traicionados por esa gente\u201d, consigno en declaraciones a las agencias de noticia.<\/p>\n<p>\u201cDe esa gente nada bueno puede salir. Un tipo que traiciona una vez traiciona siempre\u201d, dispar\u00f3 Milei.<\/p>\n<p>Cabe se\u00f1alar que esta ma\u00f1ana, Patricia Bullrich le atribuy\u00f3 a Horacio Rodr\u00edguez Larreta la posibilidad de fracturar a la coalici\u00f3n gobernante con su \u201cintento de meter por la ventana a actores que no estaban\u201d.<\/p>\n<p>En ese marco, el referente de La Libertad Avanza vaticin\u00f3: \u201cSi entro en la segunda vuelta (electoral) voy a ser el pr\u00f3ximo presidente\u201d.<\/p>\n<p>Adem\u00e1s, el libertario dijo que \u201cni pisar\u00eda Juntos por el Cambio\u201d y calific\u00f3 a su dirigencia como \u201clos fracasados que hundieron el pa\u00eds\u201d, con los cuales no negocia.<\/p>\n<p>Milei dijo que en Juntos por el Cambio est\u00e1n \u201cel se\u00f1or Morales, con 34 a\u00f1os viviendo del Estado; Larreta, 30 a\u00f1os viviendo del Estado; (Elisa) Carri\u00f3, desde la democracia y desde antes porque estaba con la dictadura, (el senador nacional y precandidato a gobernador cordob\u00e9s Luis) Juez, que es un camale\u00f3n porque fue kirchnerista, fue todo\u201d.<\/p>\n<p>\u201cNi pisar\u00eda Juntos por el Cambio, porque es una estructura condenada al fracaso. As\u00ed fracas\u00f3 la Alianza, que fue un rejunte para ganar; fue exitosa para eso, pero un desastre gobernando\u201d, asever\u00f3.<\/p>\n","protected":false},"excerpt":{"rendered":"<p>El precandidato presidencial libertario aprovech\u00f3 para criticar a Larreta y dijo tener \u00abaprecio\u00bb por la dirigente del PRO y por el expresidente Mauricio Macri.<\/p>\n","protected":false},"author":3,"featured_media":10894,"comment_status":"closed","ping_status":"closed","sticky":false,"template":"","format":"standard","meta":{"_monsterinsights_skip_tracking":false,"_monsterinsights_sitenote_active":false,"_monsterinsights_sitenote_note":"","_monsterinsights_sitenote_category":0,"footnotes":""},"categories":[4],"tags":[996,504,4530,545],"class_list":["post-10893","post","type-post","status-publish","format-standard","has-post-thumbnail","hentry","category-politica","tag-alianza","tag-bullrich","tag-milei","tag-pro"],"_links":{"self":[{"href":"https:\/\/www.visionweb.com.ar\/index.php?rest_route=\/wp\/v2\/posts\/10893","targetHints":{"allow":["GET"]}}],"collection":[{"href":"https:\/\/www.visionweb.com.ar\/index.php?rest_route=\/wp\/v2\/posts"}],"about":[{"href":"https:\/\/www.visionweb.com.ar\/index.php?rest_route=\/wp\/v2\/types\/post"}],"author":[{"embeddable":true,"href":"https:\/\/www.visionweb.com.ar\/index.php?rest_route=\/wp\/v2\/users\/3"}],"replies":[{"embeddable":true,"href":"https:\/\/www.visionweb.com.ar\/index.php?rest_route=%2Fwp%2Fv2%2Fcomments&post=10893"}],"version-history":[{"count":1,"href":"https:\/\/www.visionweb.com.ar\/index.php?rest_route=\/wp\/v2\/posts\/10893\/revisions"}],"predecessor-version":[{"id":10895,"href":"https:\/\/www.visionweb.com.ar\/index.php?rest_route=\/wp\/v2\/posts\/10893\/revisions\/10895"}],"wp:featuredmedia":[{"embeddable":true,"href":"https:\/\/www.visionweb.com.ar\/index.php?rest_route=\/wp\/v2\/media\/10894"}],"wp:attachment":[{"href":"https:\/\/www.visionweb.com.ar\/index.php?rest_route=%2Fwp%2Fv2%2Fmedia&parent=10893"}],"wp:term":[{"taxonomy":"category","embeddable":true,"href":"https:\/\/www.visionweb.com.ar\/index.php?rest_route=%2Fwp%2Fv2%2Fcategories&post=10893"},{"taxonomy":"post_tag","embeddable":true,"href":"https:\/\/www.visionweb.com.ar\/index.php?rest_route=%2Fwp%2Fv2%2Ftags&post=10893"}],"curies":[{"name":"wp","href":"https:\/\/api.w.org\/{rel}","templated":true}]}}