{"id":10888,"date":"2023-06-07T12:30:38","date_gmt":"2023-06-07T15:30:38","guid":{"rendered":"https:\/\/www.visionweb.com.ar\/?p=10888"},"modified":"2023-06-07T12:32:24","modified_gmt":"2023-06-07T15:32:24","slug":"el-hospitl-modular-de-villa-fiorito-esta-casi-vacio","status":"publish","type":"post","link":"https:\/\/www.visionweb.com.ar\/?p=10888","title":{"rendered":"El hospitl modular de Villa Fiorito est\u00e1 casi vac\u00edo"},"content":{"rendered":"<p><strong><em>Adem\u00e1s faltan camas. Fue inaugurado en julio de 2020 en plena pandemia. Solo funciona un sector con solo siete camas.<\/em><\/strong>\u00a0 <!--more--><\/p>\n<p><strong><img loading=\"lazy\" decoding=\"async\" class=\"size-medium wp-image-10889 alignright\" src=\"https:\/\/www.visionweb.com.ar\/wp-content\/uploads\/2023\/06\/HOSPITAL-MODULAR-FIORITO-300x173.jpeg\" alt=\"\" width=\"300\" height=\"173\" srcset=\"https:\/\/www.visionweb.com.ar\/wp-content\/uploads\/2023\/06\/HOSPITAL-MODULAR-FIORITO-300x173.jpeg 300w, https:\/\/www.visionweb.com.ar\/wp-content\/uploads\/2023\/06\/HOSPITAL-MODULAR-FIORITO.jpeg 640w\" sizes=\"auto, (max-width: 300px) 100vw, 300px\" \/>L<\/strong>a pandemia por Convid 19 que se instal\u00f3 en nuestro pa\u00eds a partir de principios de marzo de 2020, puso de manifiesto el importante d\u00e9ficit de infraestructura sanitaria que tiene en pa\u00eds frente a una emergencia de magnitud.<\/p>\n<p>Ese estado de cosas, llev\u00f3 a los gobiernos nacional y provincial, asumido tres meses atr\u00e1s en diciembre de 2019, a echar mano, en muchos casos improvisado, unidades de internaci\u00f3n, para priorizar la atenci\u00f3n de los pacientes afectados por la enfermedad.<\/p>\n<p>Los municipios bonaerenses no fueron la excepci\u00f3n y en localidades como Fiorito y otras tantas del gran Buenos Aires, se instalaron hospitales modulares, de los cuales algunos continuaron funcionado, pero con recortes significativos en los presupuestos y en el equipamiento.<\/p>\n<p>\u201cEs muy preocupante escuchar el reclamo de muchos vecinos de Lomas de Zamora y del Gran Buenos Aires por falta de camas de internaci\u00f3n en el sector p\u00fablico. Al acercarme\u00a0 al Hospital Modular de Emergencia N\u00b0 8 \u201cSantiago \u2018Beto\u2019 Carasatorre\u201d de Villa Fiorito, me enfrent\u00e9 a la realidad que tiene esa unidad y\u00a0 encontr\u00e9 con solo 7 camas operativas de 62 que posee\u201d se\u00f1alo el Dr. Jorge Villalba concejal de Juntos de Lomas de Zamora<\/p>\n<p>El Hospital Modular que se encuentra Fiorito, Lomas de Zamora, se inauguro el 8 de Julio del 2020 , en el marco de la pandemia cuenta con 24 camas de terapia intensiva y 48 camas de terapia intermedia.<\/p>\n<p>\u201cAun recuerdo las palabras de varios funcionarios Nacionales , Provinciales y Municipales que estuvieron en la inauguraci\u00f3n cuando refer\u00edan que el HMA \u201cSantiago \u2018Beto\u2019 Carasatorre\u201d, iba a funcionar las 24 horas y una vez que finalizara la pandemia, quedar\u00eda para el uso de la comunidad\u201d se\u00f1alo el edil referente de la Coalici\u00f3n C\u00edvica Ari de Lomas de Zamora.<\/p>\n<p>Hoy a casi 3 a\u00f1os de su inauguraci\u00f3n solo tiene en funcionamiento un sector de 7 camas cuando en muchos hospitales dependientes del Ministerio de Salud de la Provincia de Bs.As. no cuentan con camas de terapia intensiva o intermedia cuando aqu\u00ed hay capacidad ociosa.<\/p>\n<p>Esto es, una muestra mas de la desorganizaci\u00f3n de un Gobierno provincial que teniendo un Hospital instalado no lo dota de recursos humanos y materiales para el cuidado de la vida de los vecinos de la Provincia de Buenos Aires<strong>(VW)<\/strong>.<\/p>\n","protected":false},"excerpt":{"rendered":"<p>Adem\u00e1s faltan camas. Fue inaugurado en julio de 2020 en plena pandemia. Solo funciona un sector con solo siete camas.\u00a0<\/p>\n","protected":false},"author":3,"featured_media":10889,"comment_status":"closed","ping_status":"closed","sticky":false,"template":"","format":"standard","meta":{"_monsterinsights_skip_tracking":false,"_monsterinsights_sitenote_active":false,"_monsterinsights_sitenote_note":"","_monsterinsights_sitenote_category":0,"footnotes":""},"categories":[5],"tags":[38,4527,823,4528,168],"class_list":["post-10888","post","type-post","status-publish","format-standard","has-post-thumbnail","hentry","category-sociedad","tag-camas","tag-fiorito","tag-hospital","tag-modular","tag-pandemia"],"_links":{"self":[{"href":"https:\/\/www.visionweb.com.ar\/index.php?rest_route=\/wp\/v2\/posts\/10888","targetHints":{"allow":["GET"]}}],"collection":[{"href":"https:\/\/www.visionweb.com.ar\/index.php?rest_route=\/wp\/v2\/posts"}],"about":[{"href":"https:\/\/www.visionweb.com.ar\/index.php?rest_route=\/wp\/v2\/types\/post"}],"author":[{"embeddable":true,"href":"https:\/\/www.visionweb.com.ar\/index.php?rest_route=\/wp\/v2\/users\/3"}],"replies":[{"embeddable":true,"href":"https:\/\/www.visionweb.com.ar\/index.php?rest_route=%2Fwp%2Fv2%2Fcomments&post=10888"}],"version-history":[{"count":1,"href":"https:\/\/www.visionweb.com.ar\/index.php?rest_route=\/wp\/v2\/posts\/10888\/revisions"}],"predecessor-version":[{"id":10890,"href":"https:\/\/www.visionweb.com.ar\/index.php?rest_route=\/wp\/v2\/posts\/10888\/revisions\/10890"}],"wp:featuredmedia":[{"embeddable":true,"href":"https:\/\/www.visionweb.com.ar\/index.php?rest_route=\/wp\/v2\/media\/10889"}],"wp:attachment":[{"href":"https:\/\/www.visionweb.com.ar\/index.php?rest_route=%2Fwp%2Fv2%2Fmedia&parent=10888"}],"wp:term":[{"taxonomy":"category","embeddable":true,"href":"https:\/\/www.visionweb.com.ar\/index.php?rest_route=%2Fwp%2Fv2%2Fcategories&post=10888"},{"taxonomy":"post_tag","embeddable":true,"href":"https:\/\/www.visionweb.com.ar\/index.php?rest_route=%2Fwp%2Fv2%2Ftags&post=10888"}],"curies":[{"name":"wp","href":"https:\/\/api.w.org\/{rel}","templated":true}]}}