{"id":10873,"date":"2023-06-06T13:53:53","date_gmt":"2023-06-06T16:53:53","guid":{"rendered":"https:\/\/www.visionweb.com.ar\/?p=10873"},"modified":"2023-06-06T13:53:53","modified_gmt":"2023-06-06T16:53:53","slug":"cuanto-cobraran-las-autoridades-de-mesa-en-las-proximas-elecciones","status":"publish","type":"post","link":"https:\/\/www.visionweb.com.ar\/?p=10873","title":{"rendered":"Cu\u00e1nto cobrar\u00e1n las autoridades de mesa en las pr\u00f3ximas elecciones"},"content":{"rendered":"<p><em><strong>El Gobierno nacional estableci\u00f3 los vi\u00e1ticos que recibir\u00e1n las autoridades de mesa y delegados. <\/strong><\/em><!--more--><\/p>\n<div id=\"attachment_10875\" style=\"width: 285px\" class=\"wp-caption alignright\"><img loading=\"lazy\" decoding=\"async\" aria-describedby=\"caption-attachment-10875\" class=\"wp-image-10875 size-full\" src=\"https:\/\/www.visionweb.com.ar\/wp-content\/uploads\/2023\/06\/argentina.gob_.ar_.png\" alt=\"\" width=\"275\" height=\"183\" \/><p id=\"caption-attachment-10875\" class=\"wp-caption-text\">Foto: Agentina.gob.ar<\/p><\/div>\n<p><strong>E<\/strong>l Gobierno nacional, a trav\u00e9s del Ministerio del Interior, determin\u00f3 la suma que recibir\u00e1n en concepto de vi\u00e1tico los ciudadanos y ciudadanas que se desempe\u00f1en como\u00a0<strong>autoridades de mesa<\/strong>\u00a0en las<strong> Elecciones 2023.<\/strong><\/p>\n<p>La medida implica una suma fijada por el Ministerio del Interior, a cargo de Wado de Pedro, y ajustada por inflaci\u00f3n a 2019, que ser\u00e1 de\u00a0<strong>$7.000 por elecci\u00f3n<\/strong> para autoridades de mesa en concepto de vi\u00e1tico, por su labor durante las <strong>Primarias, Abiertas, Simult\u00e1neas y Obligatorias (PASO), elecciones generales y una eventual segunda vuelta.<\/strong><\/p>\n<p>Asimismo, recibir\u00e1n otros\u00a0<strong>3.000 pesos\u00a0<\/strong>por haber participado efectivamente de las\u00a0<strong>actividades de capacitaci\u00f3n<\/strong>\u00a0reconocidas por la Justicia Electoral en forma previa a todas las instancias electorales.<\/p>\n<p>A esos valores se suma un importe adicional de\u00a0<strong>10.000 pesos<\/strong>, tambi\u00e9n en caso de haber cumplido funciones durante las PASO, las elecciones nacionales y una eventual segunda vuelta. Y en caso de no realizarse el ballotage, el \u00faltimo importe adicional ser\u00e1 de\u00a0<strong>7.000 pesos<\/strong>.<\/p>\n<p><strong>Los Delegados: <\/strong>Las personas que hayan sido designados por la Justicia Nacional Electoral como delegados y delegadas en los locales de votaci\u00f3n, y que cumplan efectivamente esa funci\u00f3n en todas las instancias electorales, recibir\u00e1n una suma de<strong>\u00a011.500 pesos por elecci\u00f3n<\/strong>\u00a0en concepto de vi\u00e1ticos.<\/p>\n<p>Adem\u00e1s, percibir\u00e1n\u00a0<strong>3.500 pesos por la tarea de remisi\u00f3n de reportes de eventos<\/strong>, incidencias o datos adicionales solicitados por la C\u00e1mara Nacional Electoral. En caso de participar en las tres instancias,\u00a0<strong>cada delegado recibir\u00eda un total de 45 mil pesos.<\/strong><\/p>\n<p>Cabe recordar que las elecciones presidenciales PASO se realizar\u00e1n el d\u00eda\u00a0<strong>domingo 13 de agosto<\/strong>, mientras que las generales se llevar\u00e1n a cabo el\u00a0<strong>domingo 22 de octubre.<\/strong><\/p>\n<p>Por su parte, la segunda vuelta, popularmente conocida como ballotage, tendr\u00e1 lugar el\u00a0<strong>19 de noviembre<\/strong>, en caso de que ninguno de los candidatos a presidente alcance el 45% de los votos, o el 40% con una diferencia de 10 puntos del segundo. <strong>(VW)<\/strong><\/p>\n","protected":false},"excerpt":{"rendered":"<p>El Gobierno nacional estableci\u00f3 los vi\u00e1ticos que recibir\u00e1n las autoridades de mesa y delegados.<\/p>\n","protected":false},"author":4,"featured_media":10875,"comment_status":"closed","ping_status":"closed","sticky":false,"template":"","format":"standard","meta":{"_monsterinsights_skip_tracking":false,"_monsterinsights_sitenote_active":false,"_monsterinsights_sitenote_note":"","_monsterinsights_sitenote_category":0,"footnotes":""},"categories":[8,5],"tags":[4520,1904,655,4521,204,4519],"class_list":["post-10873","post","type-post","status-publish","format-standard","has-post-thumbnail","hentry","category-interes-general","category-sociedad","tag-delegados","tag-elecciones-2023","tag-generales","tag-ministerio-del-interior","tag-paso","tag-viaticos-para-autoridades-de-mesa"],"_links":{"self":[{"href":"https:\/\/www.visionweb.com.ar\/index.php?rest_route=\/wp\/v2\/posts\/10873","targetHints":{"allow":["GET"]}}],"collection":[{"href":"https:\/\/www.visionweb.com.ar\/index.php?rest_route=\/wp\/v2\/posts"}],"about":[{"href":"https:\/\/www.visionweb.com.ar\/index.php?rest_route=\/wp\/v2\/types\/post"}],"author":[{"embeddable":true,"href":"https:\/\/www.visionweb.com.ar\/index.php?rest_route=\/wp\/v2\/users\/4"}],"replies":[{"embeddable":true,"href":"https:\/\/www.visionweb.com.ar\/index.php?rest_route=%2Fwp%2Fv2%2Fcomments&post=10873"}],"version-history":[{"count":1,"href":"https:\/\/www.visionweb.com.ar\/index.php?rest_route=\/wp\/v2\/posts\/10873\/revisions"}],"predecessor-version":[{"id":10876,"href":"https:\/\/www.visionweb.com.ar\/index.php?rest_route=\/wp\/v2\/posts\/10873\/revisions\/10876"}],"wp:featuredmedia":[{"embeddable":true,"href":"https:\/\/www.visionweb.com.ar\/index.php?rest_route=\/wp\/v2\/media\/10875"}],"wp:attachment":[{"href":"https:\/\/www.visionweb.com.ar\/index.php?rest_route=%2Fwp%2Fv2%2Fmedia&parent=10873"}],"wp:term":[{"taxonomy":"category","embeddable":true,"href":"https:\/\/www.visionweb.com.ar\/index.php?rest_route=%2Fwp%2Fv2%2Fcategories&post=10873"},{"taxonomy":"post_tag","embeddable":true,"href":"https:\/\/www.visionweb.com.ar\/index.php?rest_route=%2Fwp%2Fv2%2Ftags&post=10873"}],"curies":[{"name":"wp","href":"https:\/\/api.w.org\/{rel}","templated":true}]}}