{"id":10846,"date":"2023-06-02T08:23:05","date_gmt":"2023-06-02T11:23:05","guid":{"rendered":"https:\/\/www.visionweb.com.ar\/?p=10846"},"modified":"2023-06-02T08:23:05","modified_gmt":"2023-06-02T11:23:05","slug":"kicillof-ira-a-las-paso-por-la-reeleccion-y-confirmo-su-formula-con-magarios","status":"publish","type":"post","link":"https:\/\/www.visionweb.com.ar\/?p=10846","title":{"rendered":"Kicillof ir\u00e1 a las PASO por la reelecci\u00f3n y confirm\u00f3 su f\u00f3rmula con Magarios"},"content":{"rendered":"<p><em><strong>Adem\u00e1s competir\u00e1 con Victoria Tolosa Paz en las PASO. Tambi\u00e9n habl\u00f3 de los candidatos de la oposici\u00f3n y asegur\u00f3 que tienen varios candidatos<\/strong><\/em>.<!--more--><\/p>\n<div id=\"attachment_8972\" style=\"width: 310px\" class=\"wp-caption alignright\"><img loading=\"lazy\" decoding=\"async\" aria-describedby=\"caption-attachment-8972\" class=\"wp-image-8972 size-medium\" src=\"https:\/\/www.visionweb.com.ar\/wp-content\/uploads\/2023\/01\/kicillof-gel-intimo-300x201.jpg\" alt=\"\" width=\"300\" height=\"201\" srcset=\"https:\/\/www.visionweb.com.ar\/wp-content\/uploads\/2023\/01\/kicillof-gel-intimo-300x201.jpg 300w, https:\/\/www.visionweb.com.ar\/wp-content\/uploads\/2023\/01\/kicillof-gel-intimo.bmp 628w\" sizes=\"auto, (max-width: 300px) 100vw, 300px\" \/><p id=\"caption-attachment-8972\" class=\"wp-caption-text\"><em><strong>El gobernador Kicillof va por la reelecci\u00f3n y lleva como compa\u00f1era de f\u00f3rmula a su vice, Ver\u00f3nica Magarios.<\/strong><\/em><\/p><\/div>\n<p><strong>E<\/strong>l gobernador bonaerense Axel Kicillof confirm\u00f3 este jueves que se postular\u00e1 a la pre candidatura a gobernador y su compa\u00f1era de f\u00f3rmula ser\u00e1 su actual vice, Ver\u00f3nicaMagarios<\/p>\n<p>En declaraciones a Radio 10, habl\u00f3 tambi\u00e9n de habl\u00f3 del incidente que sufri\u00f3 este jueves en un acto en Brandsen, y dijo que m\u00e1s all\u00e1 del momento tenso, la mujer que se acerc\u00f3 al micr\u00f3fono \u201cse fue caminando tranquilamente\u201d.<\/p>\n<p>Respecto de la pre candidatura a la Gobernaci\u00f3n de la actual ministra de Desarrollo Social, Victoria Tolosa Paz, con quien competir\u00e1 en las PASO, Kicillof indic\u00f3: \u201cNo tengo ning\u00fan problema de ir a una PASO en la Provincia con la compa\u00f1era o el compa\u00f1ero que quiera presentarse\u201d.<\/p>\n<p>Respecto de la f\u00f3rmula con la que va a postularse a su reelecci\u00f3n, Kicillof confirm\u00f3 que su compa\u00f1era de f\u00f3rmula ser\u00e1\u00a0 ir\u00e1 la actual Vicegobernadora, Ver\u00f3nica Magario.<\/p>\n<p>\u201cVero Magario y yo estamos trabajando y en principio s\u00ed\u201d, sostuvo, sobre una f\u00f3rmula que presuntamente est\u00e1 \u201ccerrada\u201d.<\/p>\n<p>Con relaci\u00f3n al incidente de Brandsen, el Gobernador dijo que\u00a0\u201cfue un momento bastante tenso, la se\u00f1ora se me acerc\u00f3 cuando yo ya estaba hablando, le di la mano, le dije \u2018esper\u00e1 un poquito\u2019, agarr\u00f3 el micr\u00f3fono, estaba nerviosa o algo, ah\u00ed me hablaba de la salud pero no s\u00e9 bien de qu\u00e9 me hablaba exactamente, y se despleg\u00f3 un protocolo\u201d, explic\u00f3 el mandatario en una entrevista por Radio 10.<\/p>\n<p>El mandatario provincial critic\u00f3 adem\u00e1s un titular del diario Clar\u00edn sobre el episodio. \u201cLos medios de la derecha ya pusieron que me compar\u00e9 con Cristina (Kirchner) para victimizarme, lo que dije es que hay protocolos que tienen que ver con la seguridad desde que pas\u00f3 lo de Cristina\u201d, expres\u00f3.<\/p>\n<p>Ante una posible campa\u00f1a en conjunto con Eduardo \u201cWado\u201d de Pedro, quien a\u00fan no est\u00e1 confirmado como precandidato presidencial por el Frente de Todos, aunque las se\u00f1ales indican que ser\u00e1 el \u00abpre candidato presidencial\u00bb, Kicillof afirm\u00f3 que saldr\u00eda \u201ca caminar\u201d con \u201cWado\u201d, ya que \u201chay que mostrar que hay coordinaci\u00f3n de la pol\u00edtica, de las ideas\u201d.<\/p>\n<p><strong>Cr\u00edticas a los candidatos de la oposici\u00f3n<\/strong><\/p>\n<p>Kicillof consultado respecto de los pre candidatos a la gobernaci\u00f3n, de la oposici\u00f3n y, en particular el diputado Diego Santilli,\u00a0 por Juntos por el Cambio, asegur\u00f3 que en el caso del PRO \u00abhubo idas y vueltas, hay como cinco o seis candidatos, est\u00e1 (N\u00e9stor) Grindetti que va con (Patricia) Bullrich y (Diego) Santilli que va con (Horacio Rodr\u00edguez) Larreta\u00bb.<\/p>\n<p>\u00abNo puedo hablar mucho de las internas. Hay varios candidatos, la derecha tiene muchos candidatos pero tiene un solo proyecto: el ajuste y restringir derechos\u201d, sostuvo el mandatario, y a\u00f1adi\u00f3: \u201cHablan de ajustar, dinamitar, cero obra p\u00fablica, echar por igual en todos los ministerios, esa es la cantinela que traen\u201d<strong>(VW)<\/strong>.<\/p>\n<p>Con datos de la Agencia DIB<\/p>\n<p>&nbsp;<\/p>\n","protected":false},"excerpt":{"rendered":"<p>Adem\u00e1s competir\u00e1 con Victoria Tolosa Paz en las PASO. Tambi\u00e9n habl\u00f3 de los candidatos de la oposici\u00f3n y asegur\u00f3 que tienen varios candidatos.<\/p>\n","protected":false},"author":3,"featured_media":8972,"comment_status":"closed","ping_status":"closed","sticky":false,"template":"","format":"standard","meta":{"_monsterinsights_skip_tracking":false,"_monsterinsights_sitenote_active":false,"_monsterinsights_sitenote_note":"","_monsterinsights_sitenote_category":0,"footnotes":""},"categories":[4],"tags":[167,4514,1729,1591],"class_list":["post-10846","post","type-post","status-publish","format-standard","has-post-thumbnail","hentry","category-politica","tag-kicillof","tag-magarios","tag-oposicion","tag-reeleccion"],"_links":{"self":[{"href":"https:\/\/www.visionweb.com.ar\/index.php?rest_route=\/wp\/v2\/posts\/10846","targetHints":{"allow":["GET"]}}],"collection":[{"href":"https:\/\/www.visionweb.com.ar\/index.php?rest_route=\/wp\/v2\/posts"}],"about":[{"href":"https:\/\/www.visionweb.com.ar\/index.php?rest_route=\/wp\/v2\/types\/post"}],"author":[{"embeddable":true,"href":"https:\/\/www.visionweb.com.ar\/index.php?rest_route=\/wp\/v2\/users\/3"}],"replies":[{"embeddable":true,"href":"https:\/\/www.visionweb.com.ar\/index.php?rest_route=%2Fwp%2Fv2%2Fcomments&post=10846"}],"version-history":[{"count":1,"href":"https:\/\/www.visionweb.com.ar\/index.php?rest_route=\/wp\/v2\/posts\/10846\/revisions"}],"predecessor-version":[{"id":10847,"href":"https:\/\/www.visionweb.com.ar\/index.php?rest_route=\/wp\/v2\/posts\/10846\/revisions\/10847"}],"wp:featuredmedia":[{"embeddable":true,"href":"https:\/\/www.visionweb.com.ar\/index.php?rest_route=\/wp\/v2\/media\/8972"}],"wp:attachment":[{"href":"https:\/\/www.visionweb.com.ar\/index.php?rest_route=%2Fwp%2Fv2%2Fmedia&parent=10846"}],"wp:term":[{"taxonomy":"category","embeddable":true,"href":"https:\/\/www.visionweb.com.ar\/index.php?rest_route=%2Fwp%2Fv2%2Fcategories&post=10846"},{"taxonomy":"post_tag","embeddable":true,"href":"https:\/\/www.visionweb.com.ar\/index.php?rest_route=%2Fwp%2Fv2%2Ftags&post=10846"}],"curies":[{"name":"wp","href":"https:\/\/api.w.org\/{rel}","templated":true}]}}