{"id":10843,"date":"2023-06-02T07:44:01","date_gmt":"2023-06-02T10:44:01","guid":{"rendered":"https:\/\/www.visionweb.com.ar\/?p=10843"},"modified":"2023-06-02T07:45:34","modified_gmt":"2023-06-02T10:45:34","slug":"continuan-los-trabajos-para-fortalecer-el-proyecto-comercial-distrito-este","status":"publish","type":"post","link":"https:\/\/www.visionweb.com.ar\/?p=10843","title":{"rendered":"Contin\u00faan los trabajos para fortalecer el proyecto comercial \u00abDistrito Este\u00bb"},"content":{"rendered":"<p><strong><em>Se realiz\u00f3 la reparaci\u00f3n y extensi\u00f3n de veredas se efectu\u00f3 la demarcaci\u00f3n horizontal de calles y se colocaron nomencladores, maceteros y cestos.<\/em><\/strong><!--more--><\/p>\n<p><strong><img loading=\"lazy\" decoding=\"async\" class=\"size-medium wp-image-10844 alignright\" src=\"https:\/\/www.visionweb.com.ar\/wp-content\/uploads\/2023\/06\/OBRAS-EN-LA-CALLE-ITUZAINGO-300x169.png\" alt=\"\" width=\"300\" height=\"169\" srcset=\"https:\/\/www.visionweb.com.ar\/wp-content\/uploads\/2023\/06\/OBRAS-EN-LA-CALLE-ITUZAINGO-300x169.png 300w, https:\/\/www.visionweb.com.ar\/wp-content\/uploads\/2023\/06\/OBRAS-EN-LA-CALLE-ITUZAINGO.png 640w\" sizes=\"auto, (max-width: 300px) 100vw, 300px\" \/>C<\/strong>ontin\u00faan los trabajos que se efect\u00faan sobre la calle Ituzaing\u00f3, en el marco del proyecto comercial \u00abDistrito Este\u00bb que busca generar un centro de atracci\u00f3n similar al situado en la zona oeste de la comuna, fueron supervisadas por el jefe de Gabinete y titular del \u00e1rea de Seguridad, Diego Kravetz.<\/p>\n<p>En sus redes sociales, Kravetz destac\u00f3: \u00abQueremos un espacio seguro y moderno para nuestros vecinos, donde puedan circular de forma segura\u00bb- y ageg\u00f3: \u00abTodo esto es posible gracias a una gesti\u00f3n cercana y comprometida.\u00bb<\/p>\n<p>Asimismo, en su visita a los negocios de la zona estuvo en la casa de pastas \u00ab12 de Octubre\u00bb, \u00abV\u00e1zquez Deportes\u00bb, \u00abCaf\u00e9 Mart\u00ednez\u00bb, \u00abMi\u00f1oqui\u00bb, \u00abTerritorio Bohemio\u00bb, \u00abF\u00e1brica de Pastas Don Galeppi\u00bb, \u00abOrtopedia Lan\u00fas\u00bb, entre otros, donde convers\u00f3 con los comerciantes sobre la revalorizaci\u00f3n de la zona y su incidencia en las ventas.<\/p>\n<p>Sobre las obras finalizadas, se realiz\u00f3 la reparaci\u00f3n y extensi\u00f3n de veredas (completado con la creaci\u00f3n de rampas y el arreglo de cordones), se efectu\u00f3 la demarcaci\u00f3n horizontal de calles y se colocaron nomencladores, maceteros y cestos.<\/p>\n<p>Adem\u00e1s, se construy\u00f3 una zona de carga y descarga, una d\u00e1rsena para colectivos, contenci\u00f3n en esquinas y se instalaron Luminarias en el sector peatonal.<\/p>\n<p>El nuevo Paseo Comercial a cielo abierto que estar\u00e1 situado en el radio de calles comprendido por Ituzaing\u00f3, Avenida 9 de Julio, 29 de septiembre y Salta ser\u00e1 una alternativa de calidad para los vecinos y vecinas quienes podr\u00e1n disfrutar de una ciudad m\u00e1s moderna y recreativa.<\/p>\n<p>Otro de los objetivos centrales de este emprendimiento aprobado por el Concejo Deliberante e impulsado por el Municipio de Lan\u00fas apunta a que la comunidad realice sus compras en comercios de cercan\u00eda para reactivar la econom\u00eda local.<\/p>\n<p>Cabe destacar, que Diego Kravetz estuvo acompa\u00f1ado en su recorrida por el Secretario de Coordinaci\u00f3n Gubernamental y Asuntos Legislativos, Marcelo Rivas y el Delegado de Lan\u00fas Este, Diego Bossio<strong>(VW)<\/strong>.<\/p>\n","protected":false},"excerpt":{"rendered":"<p>Se realiz\u00f3 la reparaci\u00f3n y extensi\u00f3n de veredas se efectu\u00f3 la demarcaci\u00f3n horizontal de calles y se colocaron nomencladores, maceteros y cestos.<\/p>\n","protected":false},"author":3,"featured_media":10844,"comment_status":"closed","ping_status":"closed","sticky":false,"template":"","format":"standard","meta":{"_monsterinsights_skip_tracking":false,"_monsterinsights_sitenote_active":false,"_monsterinsights_sitenote_note":"","_monsterinsights_sitenote_category":0,"footnotes":""},"categories":[8],"tags":[4513,241,394],"class_list":["post-10843","post","type-post","status-publish","format-standard","has-post-thumbnail","hentry","category-interes-general","tag-ituzaingo","tag-kravetz","tag-obras"],"_links":{"self":[{"href":"https:\/\/www.visionweb.com.ar\/index.php?rest_route=\/wp\/v2\/posts\/10843","targetHints":{"allow":["GET"]}}],"collection":[{"href":"https:\/\/www.visionweb.com.ar\/index.php?rest_route=\/wp\/v2\/posts"}],"about":[{"href":"https:\/\/www.visionweb.com.ar\/index.php?rest_route=\/wp\/v2\/types\/post"}],"author":[{"embeddable":true,"href":"https:\/\/www.visionweb.com.ar\/index.php?rest_route=\/wp\/v2\/users\/3"}],"replies":[{"embeddable":true,"href":"https:\/\/www.visionweb.com.ar\/index.php?rest_route=%2Fwp%2Fv2%2Fcomments&post=10843"}],"version-history":[{"count":1,"href":"https:\/\/www.visionweb.com.ar\/index.php?rest_route=\/wp\/v2\/posts\/10843\/revisions"}],"predecessor-version":[{"id":10845,"href":"https:\/\/www.visionweb.com.ar\/index.php?rest_route=\/wp\/v2\/posts\/10843\/revisions\/10845"}],"wp:featuredmedia":[{"embeddable":true,"href":"https:\/\/www.visionweb.com.ar\/index.php?rest_route=\/wp\/v2\/media\/10844"}],"wp:attachment":[{"href":"https:\/\/www.visionweb.com.ar\/index.php?rest_route=%2Fwp%2Fv2%2Fmedia&parent=10843"}],"wp:term":[{"taxonomy":"category","embeddable":true,"href":"https:\/\/www.visionweb.com.ar\/index.php?rest_route=%2Fwp%2Fv2%2Fcategories&post=10843"},{"taxonomy":"post_tag","embeddable":true,"href":"https:\/\/www.visionweb.com.ar\/index.php?rest_route=%2Fwp%2Fv2%2Ftags&post=10843"}],"curies":[{"name":"wp","href":"https:\/\/api.w.org\/{rel}","templated":true}]}}