{"id":10837,"date":"2023-06-01T10:03:51","date_gmt":"2023-06-01T13:03:51","guid":{"rendered":"https:\/\/www.visionweb.com.ar\/?p=10837"},"modified":"2023-05-31T22:48:01","modified_gmt":"2023-06-01T01:48:01","slug":"el-nuevo-plan-del-gobierno-para-aumentar-el-trabajo-registrado","status":"publish","type":"post","link":"https:\/\/www.visionweb.com.ar\/?p=10837","title":{"rendered":"El nuevo plan del Gobierno para aumentar el trabajo registrado"},"content":{"rendered":"<p><em><strong>El Ministerio de Trabajo cre\u00f3 el Programa de Apoyo a la Registraci\u00f3n para ayudar a empresas a \u201cblanquear\u201d a sus empleados.<\/strong><\/em><!--more--><\/p>\n<p><img loading=\"lazy\" decoding=\"async\" class=\"size-medium wp-image-10838 alignright\" src=\"https:\/\/www.visionweb.com.ar\/wp-content\/uploads\/2023\/05\/a-trabajo-300x196.png\" alt=\"\" width=\"300\" height=\"196\" srcset=\"https:\/\/www.visionweb.com.ar\/wp-content\/uploads\/2023\/05\/a-trabajo-300x196.png 300w, https:\/\/www.visionweb.com.ar\/wp-content\/uploads\/2023\/05\/a-trabajo.png 313w\" sizes=\"auto, (max-width: 300px) 100vw, 300px\" \/>\u00a0\u00a0\u00a0 <strong>E<\/strong>l Gobierno nacional cre\u00f3 el <strong>Programa de Apoyo a la Registraci\u00f3n (PAR)<\/strong>, \u00a0que busca fomentar el\u00a0<strong>trabajo registrado<\/strong>\u00a0mediante una ayuda econ\u00f3mica mensual a las empresas que regularicen la situaci\u00f3n de sus empleados.<\/p>\n<p>A trav\u00e9s de\u00a0<a href=\"https:\/\/www.boletinoficial.gob.ar\/detalleAviso\/primera\/287382\/20230530\">la Resoluci\u00f3n 596<\/a>\u00a0publicada en el Bolet\u00edn Oficial, el programa tiene dos componentes:<\/p>\n<p>El de Registraci\u00f3n Laboral que apuesta a poner en blanco a trabajadores no registrados de empresas con hasta 5 empleados.<\/p>\n<p>Y el componente de Seguro por Desempleo que apunta a quienes sean despedidos y no est\u00e9n registrados debidamente.<\/p>\n<p>El primero apunta a fomentar la registraci\u00f3n laboral mediante un subsidio que apoye la contrataci\u00f3n durante un periodo de tres meses. Tiene dos destinatarios espec\u00edficos:<\/p>\n<ul>\n<li>Trabajadores mayores de 18 a\u00f1os que hubieran sido constatados con trabajo no registrado, por los procedimientos de autoridad nacional, provincial o municipal competente.<\/li>\n<li>Empresas, de hasta 5 empleados, que hayan registrado la relaci\u00f3n laboral del trabajador con posterioridad a un procedimiento de fiscalizaci\u00f3n.<\/li>\n<\/ul>\n<p>Por otro lado, para acceder al Seguro por Desempleo quienes hayan sido despedidos de un empleo en negro deber\u00e1n hacer un tr\u00e1mite en la ANSES. Para esto ser\u00e1 fundamental que cuenten con el acta de inspecci\u00f3n del Plan Nacional de Regularizaci\u00f3n del Trabajo (PNRT) donde consta que fueron contratados de manera irregular o alg\u00fan documento similar que lo acredite.<\/p>\n<p>El Programa de Apoyo a la Registraci\u00f3n fue creado debido a que el empleo no registrado \u00abes una de las formas m\u00e1s extendidas y desprotegidas del trabajo\u00bb, que genera \u00abla exclusi\u00f3n de los trabajadores que no gozan de la protecci\u00f3n de las normas laborales y de los beneficios de la seguridad social\u00bb, seg\u00fan reza la Resoluci\u00f3n. <strong>(VW)<\/strong><\/p>\n","protected":false},"excerpt":{"rendered":"<p>El Ministerio de Trabajo cre\u00f3 el Programa de Apoyo a la Registraci\u00f3n para ayudar a empresas a \u201cblanquear\u201d a sus empleados.<\/p>\n","protected":false},"author":4,"featured_media":10838,"comment_status":"closed","ping_status":"closed","sticky":false,"template":"","format":"standard","meta":{"_monsterinsights_skip_tracking":false,"_monsterinsights_sitenote_active":false,"_monsterinsights_sitenote_note":"","_monsterinsights_sitenote_category":0,"footnotes":""},"categories":[4,5],"tags":[445,4507,4509,4508],"class_list":["post-10837","post","type-post","status-publish","format-standard","has-post-thumbnail","hentry","category-politica","category-sociedad","tag-gobierno","tag-programa-par","tag-trabajo-informal","tag-trabajo-registrado"],"_links":{"self":[{"href":"https:\/\/www.visionweb.com.ar\/index.php?rest_route=\/wp\/v2\/posts\/10837","targetHints":{"allow":["GET"]}}],"collection":[{"href":"https:\/\/www.visionweb.com.ar\/index.php?rest_route=\/wp\/v2\/posts"}],"about":[{"href":"https:\/\/www.visionweb.com.ar\/index.php?rest_route=\/wp\/v2\/types\/post"}],"author":[{"embeddable":true,"href":"https:\/\/www.visionweb.com.ar\/index.php?rest_route=\/wp\/v2\/users\/4"}],"replies":[{"embeddable":true,"href":"https:\/\/www.visionweb.com.ar\/index.php?rest_route=%2Fwp%2Fv2%2Fcomments&post=10837"}],"version-history":[{"count":1,"href":"https:\/\/www.visionweb.com.ar\/index.php?rest_route=\/wp\/v2\/posts\/10837\/revisions"}],"predecessor-version":[{"id":10839,"href":"https:\/\/www.visionweb.com.ar\/index.php?rest_route=\/wp\/v2\/posts\/10837\/revisions\/10839"}],"wp:featuredmedia":[{"embeddable":true,"href":"https:\/\/www.visionweb.com.ar\/index.php?rest_route=\/wp\/v2\/media\/10838"}],"wp:attachment":[{"href":"https:\/\/www.visionweb.com.ar\/index.php?rest_route=%2Fwp%2Fv2%2Fmedia&parent=10837"}],"wp:term":[{"taxonomy":"category","embeddable":true,"href":"https:\/\/www.visionweb.com.ar\/index.php?rest_route=%2Fwp%2Fv2%2Fcategories&post=10837"},{"taxonomy":"post_tag","embeddable":true,"href":"https:\/\/www.visionweb.com.ar\/index.php?rest_route=%2Fwp%2Fv2%2Ftags&post=10837"}],"curies":[{"name":"wp","href":"https:\/\/api.w.org\/{rel}","templated":true}]}}