{"id":10833,"date":"2023-06-01T07:48:09","date_gmt":"2023-06-01T10:48:09","guid":{"rendered":"https:\/\/www.visionweb.com.ar\/?p=10833"},"modified":"2023-05-31T20:49:33","modified_gmt":"2023-05-31T23:49:33","slug":"santilli-y-rodriguez-larreta-competiran-en-22-distritos-bonaerenses","status":"publish","type":"post","link":"https:\/\/www.visionweb.com.ar\/?p=10833","title":{"rendered":"Santilli y Rodriguez Larreta competir\u00e1n en 22 distritos bonaerenses"},"content":{"rendered":"<p><strong><em>Se recalienta la interna del PRO, los pre candidatos a presidente y gobernador,\u00a0 Diego Santilli y Horacio Rodr\u00edguez Larreta redoblan su apuesta y competir\u00e1n en las PASO con los candidatos de Bullrich.<\/em><\/strong>\u00a0 \u00a0 <!--more--><\/p>\n<p><strong><img loading=\"lazy\" decoding=\"async\" class=\"size-medium wp-image-2221 alignright\" src=\"https:\/\/www.visionweb.com.ar\/wp-content\/uploads\/2021\/07\/SANTILLI-PLANZAMIENTO-300x215.png\" alt=\"\" width=\"300\" height=\"215\" srcset=\"https:\/\/www.visionweb.com.ar\/wp-content\/uploads\/2021\/07\/SANTILLI-PLANZAMIENTO-300x215.png 300w, https:\/\/www.visionweb.com.ar\/wp-content\/uploads\/2021\/07\/SANTILLI-PLANZAMIENTO-768x549.png 768w, https:\/\/www.visionweb.com.ar\/wp-content\/uploads\/2021\/07\/SANTILLI-PLANZAMIENTO.png 800w\" sizes=\"auto, (max-width: 300px) 100vw, 300px\" \/>E<\/strong>n respuesta al desaf\u00edo lanzado por Patricia Bullrich para habilitar la competencia interna en los 135 municipios bonaerenses, incluidos los 22, gobernados por intendentes del PRO, Diego Santilli y Horacio Rodr\u00edguez Larreta aseguraron que, en caso de no alcanzar acuerdo, est\u00e1n dispuestos a competir en distritos de signo amarillo.<\/p>\n<p>El contrataque a las explosivas declaraciones de la ex ministra de Seguridad de la naci\u00f3n, se conoci\u00f3 durante una rueda de prensa que encabezaron los m\u00e1ximos exponente del \u201cteam paloma\u201d en La Plata, donde compartieron un acto con el intendente local, Julio Garro y la dirigente del espacio +Valores, Cynthia Hotton.<\/p>\n<p>Consultado por los medios,\u00a0 Santilli y Larreta ponderaron la necesidad de cuidar a los alcaldes propios aunque la postura en favor de las listas \u00fanicas o ponderar el esquema de la Y- dos candidatos presidenciales, dos a gobernador y uno en los municipios- ya no fue tan tajante.<\/p>\n<p>\u201cHoracio ha dicho siempre lo de cuidar cada uno de los distritos en los que gobernamos. En caso de que no hubiera acuerdo en esos 22 municipios competiremos\u201d reconoci\u00f3 Diego Santilli.<\/p>\n<p>En sinton\u00eda con el mensaje que dej\u00f3 trascender al comunicarse con su adversario interno, N\u00e9stor Grindetti, abog\u00f3 por una PASO \u201cque sea positiva, propositiva y que nos permita crecer como lo hicimos en el 2021 con Facundo Manes que fue una competencia muy sana, nos promovi\u00f3 y le ganamos al kirchnerismo en la provincia de Buenos Aires\u201d sostuvo.<\/p>\n<p>En sinton\u00eda con los dichos de Diego Santilli, el Jefe de la Ciudad de Buenos Aires y precandidato a la presidencia por el PRO, Horacio Rodr\u00edguez Larreta, reiter\u00f3 que \u201cpara nosotros defender a nuestros intendentes es una prioridad, siempre intercambiando experiencias como lo hacemos con Julio (Garro). Son a\u00f1os de trabajo\u201d remarc\u00f3.<\/p>\n<p>Sin embargo no rehus\u00f3 a que haya competencia interna en distritos PRO si no se logran los consensos necesarios: \u201cDepende caso por caso. Como criterio general queremos defender a los intendentes del PRO ahora si en alg\u00fan caso hay competencia vamos a la competencia\u201d afirm\u00f3.<\/p>\n<p>En ese marco, puso como ejemplo la situaci\u00f3n en otros niveles electorales y sus propios antecedentes a la hora de acceder al puesto de Jefe de Gobierno porte\u00f1o: \u201cpuede haber competencia como habr\u00e1 competencia a nivel nacional, provincial y en los municipios que no gobernamos. Cuando la competencia es sana y constructiva nos ayud\u00f3 a ganar. Yo llegu\u00e9 al gobierno en una interna con Gabriela Michetti que fue muy respetuosa\u201d record\u00f3<strong>(VW)<\/strong>.<\/p>\n","protected":false},"excerpt":{"rendered":"<p>Se recalienta la interna del PRO, los pre candidatos a presidente y gobernador,\u00a0 Diego Santilli y Horacio Rodr\u00edguez Larreta redoblan su apuesta y competir\u00e1n en las PASO con los candidatos de Bullrich.\u00a0 \u00a0<\/p>\n","protected":false},"author":3,"featured_media":2221,"comment_status":"closed","ping_status":"closed","sticky":false,"template":"","format":"standard","meta":{"_monsterinsights_skip_tracking":false,"_monsterinsights_sitenote_active":false,"_monsterinsights_sitenote_note":"","_monsterinsights_sitenote_category":0,"footnotes":""},"categories":[4],"tags":[504,4505,264],"class_list":["post-10833","post","type-post","status-publish","format-standard","has-post-thumbnail","hentry","category-politica","tag-bullrich","tag-desafio","tag-intendentes"],"_links":{"self":[{"href":"https:\/\/www.visionweb.com.ar\/index.php?rest_route=\/wp\/v2\/posts\/10833","targetHints":{"allow":["GET"]}}],"collection":[{"href":"https:\/\/www.visionweb.com.ar\/index.php?rest_route=\/wp\/v2\/posts"}],"about":[{"href":"https:\/\/www.visionweb.com.ar\/index.php?rest_route=\/wp\/v2\/types\/post"}],"author":[{"embeddable":true,"href":"https:\/\/www.visionweb.com.ar\/index.php?rest_route=\/wp\/v2\/users\/3"}],"replies":[{"embeddable":true,"href":"https:\/\/www.visionweb.com.ar\/index.php?rest_route=%2Fwp%2Fv2%2Fcomments&post=10833"}],"version-history":[{"count":1,"href":"https:\/\/www.visionweb.com.ar\/index.php?rest_route=\/wp\/v2\/posts\/10833\/revisions"}],"predecessor-version":[{"id":10834,"href":"https:\/\/www.visionweb.com.ar\/index.php?rest_route=\/wp\/v2\/posts\/10833\/revisions\/10834"}],"wp:featuredmedia":[{"embeddable":true,"href":"https:\/\/www.visionweb.com.ar\/index.php?rest_route=\/wp\/v2\/media\/2221"}],"wp:attachment":[{"href":"https:\/\/www.visionweb.com.ar\/index.php?rest_route=%2Fwp%2Fv2%2Fmedia&parent=10833"}],"wp:term":[{"taxonomy":"category","embeddable":true,"href":"https:\/\/www.visionweb.com.ar\/index.php?rest_route=%2Fwp%2Fv2%2Fcategories&post=10833"},{"taxonomy":"post_tag","embeddable":true,"href":"https:\/\/www.visionweb.com.ar\/index.php?rest_route=%2Fwp%2Fv2%2Ftags&post=10833"}],"curies":[{"name":"wp","href":"https:\/\/api.w.org\/{rel}","templated":true}]}}