{"id":10826,"date":"2023-05-31T08:59:07","date_gmt":"2023-05-31T11:59:07","guid":{"rendered":"https:\/\/www.visionweb.com.ar\/?p=10826"},"modified":"2023-05-30T20:15:29","modified_gmt":"2023-05-30T23:15:29","slug":"inseguridad-economia-y-educacion-ejes-de-un-encuentro-entre-militantes-y-la-diputada-frade","status":"publish","type":"post","link":"https:\/\/www.visionweb.com.ar\/?p=10826","title":{"rendered":"Inseguridad, econom\u00eda y educaci\u00f3n ejes de un encuentro entre militantes y la Diputada Frade"},"content":{"rendered":"<p><em><strong>Fue en Banfield, junto al presidente de la CC-Ari, Jorge Villalba, militantes y vecinos. Los equipos de unoi de los integrantes del frente Juntos trabajan para generar respuestas a la comunidad.<\/strong><\/em>\u00a0 \u00a0<!--more--><\/p>\n<p><strong><img loading=\"lazy\" decoding=\"async\" class=\"size-medium wp-image-10827 alignright\" src=\"https:\/\/www.visionweb.com.ar\/wp-content\/uploads\/2023\/05\/FRADE-CPN-VECINOS-Y-MILITANTES-300x225.jpeg\" alt=\"\" width=\"300\" height=\"225\" srcset=\"https:\/\/www.visionweb.com.ar\/wp-content\/uploads\/2023\/05\/FRADE-CPN-VECINOS-Y-MILITANTES-300x225.jpeg 300w, https:\/\/www.visionweb.com.ar\/wp-content\/uploads\/2023\/05\/FRADE-CPN-VECINOS-Y-MILITANTES-320x240.jpeg 320w, https:\/\/www.visionweb.com.ar\/wp-content\/uploads\/2023\/05\/FRADE-CPN-VECINOS-Y-MILITANTES.jpeg 640w\" sizes=\"auto, (max-width: 300px) 100vw, 300px\" \/>L<\/strong>a Diputada Nacional por la Provincia de Bs. As. Dra. M\u00f3nica Frade, mantuvo en Banfield, d\u00edas atr\u00e1s,\u00a0 un encuentro con dirigentes de la Mesa local y adherentes de la fuerza de Lilita Carri\u00f3 en Lomas de Zamora.<\/p>\n<p>La legisladora\u00a0 efectu\u00f3 un repaso de la situaci\u00f3n que aqueja en la actualidad a la comunidad y del trabajo que se viene realizando desde el espacio de la Coalici\u00f3n C\u00edvica Ari, en el marco de JUNTOS, a trav\u00e9s de los Equipos de las fundaciones, para dar respuesta a la sociedad en lo que respecta a inseguridad, econom\u00eda, educaci\u00f3n, innovaci\u00f3n tecnol\u00f3gica y ambiente entre otros.<\/p>\n<p>\u201cEs necesario conversar con los vecinos, hacer lo que siempre venimos haciendo desde nuestro espacio, caminar los barrios, ir con la verdad.\u00a0 Plantearles la realidad, que sepan que para lograr los cambios necesarios, que para poner en marcha al pa\u00eds, se necesita ganar las elecciones presidenciales, y contar con legisladores\u201d se\u00f1al\u00f3 la Diputada.<\/p>\n<p>Asimismo Frade se refiri\u00f3 al tema de la corrupci\u00f3n en las gestiones municipales y como ejercer controles, en ese sentido sostuvo que \u201dNo se puede tolerar una gesti\u00f3n corrupta, debemos investigarla y denunciarla ante la Justicia por eso mi apoyo para que puedan avanzar en esa tarea\u201d enfatiz\u00f3.<\/p>\n<p>\u201cQuiero destacar la importancia y nuestro agradecimiento a todos nuestros dirigentes Nacionales y Provinciales que peri\u00f3dicamente se acercan al distrito porque permiten la participaci\u00f3n y el debate cara a cara de las bases nutri\u00e9ndonos de conceptos\u201d aport\u00f3 Jorge Villalba, concejal y actual presidente de la CC Ari Lomas de Zamora <strong>(VW)<\/strong>.<\/p>\n","protected":false},"excerpt":{"rendered":"<p>Fue en Banfield, junto al presidente de la CC-Ari, Jorge Villalba, militantes y vecinos. Los equipos de unoi de los integrantes del frente Juntos trabajan para generar respuestas a la comunidad.\u00a0 \u00a0<\/p>\n","protected":false},"author":3,"featured_media":10827,"comment_status":"closed","ping_status":"closed","sticky":false,"template":"","format":"standard","meta":{"_monsterinsights_skip_tracking":false,"_monsterinsights_sitenote_active":false,"_monsterinsights_sitenote_note":"","_monsterinsights_sitenote_category":0,"footnotes":""},"categories":[4],"tags":[4504,3064,446,4503],"class_list":["post-10826","post","type-post","status-publish","format-standard","has-post-thumbnail","hentry","category-politica","tag-frade","tag-militantes","tag-vecinos","tag-villalaba"],"_links":{"self":[{"href":"https:\/\/www.visionweb.com.ar\/index.php?rest_route=\/wp\/v2\/posts\/10826","targetHints":{"allow":["GET"]}}],"collection":[{"href":"https:\/\/www.visionweb.com.ar\/index.php?rest_route=\/wp\/v2\/posts"}],"about":[{"href":"https:\/\/www.visionweb.com.ar\/index.php?rest_route=\/wp\/v2\/types\/post"}],"author":[{"embeddable":true,"href":"https:\/\/www.visionweb.com.ar\/index.php?rest_route=\/wp\/v2\/users\/3"}],"replies":[{"embeddable":true,"href":"https:\/\/www.visionweb.com.ar\/index.php?rest_route=%2Fwp%2Fv2%2Fcomments&post=10826"}],"version-history":[{"count":1,"href":"https:\/\/www.visionweb.com.ar\/index.php?rest_route=\/wp\/v2\/posts\/10826\/revisions"}],"predecessor-version":[{"id":10828,"href":"https:\/\/www.visionweb.com.ar\/index.php?rest_route=\/wp\/v2\/posts\/10826\/revisions\/10828"}],"wp:featuredmedia":[{"embeddable":true,"href":"https:\/\/www.visionweb.com.ar\/index.php?rest_route=\/wp\/v2\/media\/10827"}],"wp:attachment":[{"href":"https:\/\/www.visionweb.com.ar\/index.php?rest_route=%2Fwp%2Fv2%2Fmedia&parent=10826"}],"wp:term":[{"taxonomy":"category","embeddable":true,"href":"https:\/\/www.visionweb.com.ar\/index.php?rest_route=%2Fwp%2Fv2%2Fcategories&post=10826"},{"taxonomy":"post_tag","embeddable":true,"href":"https:\/\/www.visionweb.com.ar\/index.php?rest_route=%2Fwp%2Fv2%2Ftags&post=10826"}],"curies":[{"name":"wp","href":"https:\/\/api.w.org\/{rel}","templated":true}]}}