{"id":10823,"date":"2023-05-31T07:40:14","date_gmt":"2023-05-31T10:40:14","guid":{"rendered":"https:\/\/www.visionweb.com.ar\/?p=10823"},"modified":"2023-05-30T19:57:18","modified_gmt":"2023-05-30T22:57:18","slug":"regresa-la-obra-en-honor-a-manuel-dorrego-el-nudo-de-la-patria","status":"publish","type":"post","link":"https:\/\/www.visionweb.com.ar\/?p=10823","title":{"rendered":"Regresa la obra en honor a Manuel Dorrego: \u201cEl Nudo de la Patria\u201d"},"content":{"rendered":"<p><strong><em>Escrita y dirigida por Nelson Mallach,\u00a0versiona esc\u00e9nicamente lo sucedido en torno al traslado de los restos del Coronel ordenada por Juan Manuel de Rosas. El p\u00fablico tiene un papel importante e interacci\u00f3n con la obra.<\/em><\/strong><!--more--><\/p>\n<p><strong><img loading=\"lazy\" decoding=\"async\" class=\"size-medium wp-image-10824 alignright\" src=\"https:\/\/www.visionweb.com.ar\/wp-content\/uploads\/2023\/05\/DORREGO-300x212.png\" alt=\"\" width=\"300\" height=\"212\" srcset=\"https:\/\/www.visionweb.com.ar\/wp-content\/uploads\/2023\/05\/DORREGO-300x212.png 300w, https:\/\/www.visionweb.com.ar\/wp-content\/uploads\/2023\/05\/DORREGO.png 640w\" sizes=\"auto, (max-width: 300px) 100vw, 300px\" \/>E<\/strong>l Instituto Cultural bonaerense, presentar\u00e1 -en articulaci\u00f3n con el municipio de Ensenada- el regreso de la obra teatral El Nudo de la Patria.<\/p>\n<p>La funci\u00f3n se realizar\u00e1 en el marco del Decimonoveno Congreso de Historia de los Pueblos de la Provincia de Buenos Aires, el domingo 11 de junio a las 17:00 en Don Bosco entre Sidotti y La Merced, Ensenada, con\u00a0 entrada libre y gratuita.<\/p>\n<p>La obra -escrita y dirigida por Nelson Mallach- versiona esc\u00e9nicamente lo sucedido en torno al traslado de los restos del coronel Manuel Dorrego, ordenado por Juan Manuel de Rosas,\u00a0 desde Navarro a la ciudad de Buenos Aires en diciembre de 1829, a un a\u00f1o de ser fusilado por el Ej\u00e9rcito Republicano que lideraba el general Juan Lavalle tras el golpe de Estado del 1\u00b0 de diciembre de 1828.<\/p>\n<p>\u201cEl teatro se transforma en un territorio fundamental para la reconstrucci\u00f3n y puesta en escena de los acontecimientos que forjaron nuestra identidad provincial\u201d, expres\u00f3 Florencia Saintout, presidenta del organismo provincial.<\/p>\n<p>Desde el organismo provincial, en tanto, expresaron que \u201cla obra plantea un espect\u00e1culo desarrollado al aire libre que busca recuperar la noci\u00f3n de traslado f\u00edsico tanto en el movimiento esc\u00e9nico como en el p\u00fablico. Para esto, la obra se sit\u00faa en el \u00e1mbito urbano de una localidad bonaerense, desarroll\u00e1ndose a lo largo de los cien metros de recorrido que van de una bocacalle a la otra\u201d.<\/p>\n<p>Los organizadores de la obra sostuvieron: \u201cLa puesta propone un desplazamiento desde un punto A hasta un punto B buscando recuperar el dinamismo del acontecimiento hist\u00f3rico invocado para que de esta manera las posibilidades del presente teatral revitalicen aquellos hechos en una propuesta popular\u201d.<\/p>\n<p>\u201cEl p\u00fablico, al estar acompa\u00f1ando la acci\u00f3n, termina formando parte del hecho esc\u00e9nico, rememorando tanto a los levantamientos populares que acaecieron tras el fusilamiento, como a aquellas personas que acompa\u00f1aron la carreta que llev\u00f3 los restos de Manuel Dorrego hasta su destino final\u201d, agregaron.<\/p>\n<p>Gui\u00f3n y direcci\u00f3n: Nelson Mallach<\/p>\n<p>Dise\u00f1o de vestuario y escenograf\u00eda: Mar\u00eda Oswald<\/p>\n<p>Actores: Mar\u00eda Laura Belmonte, Edgardo Desimone, Pablo Solo D\u00edaz, Joaqu\u00edn Merones, Juan Pablo Thomas<\/p>\n<p>Bailarines: Mar\u00eda Nelba Grimaux, Marisa Elisabet Taus, Thiago Nahuel Pardo, Miguel \u00c1ngel Conti<\/p>\n<p>Asistente de vestuario y de direcci\u00f3n: Victoria Mutinelli<\/p>\n<p>Realizaci\u00f3n vestuario: Magal\u00ed Salvatore<\/p>\n<p>Realizaci\u00f3n utiler\u00eda: Taller de utiler\u00eda y escultura del Teatro Argentino de La Plata<\/p>\n<p>Realizaci\u00f3n de escenograf\u00eda: Mate producciones<\/p>\n<p>Fotograf\u00eda: \u00c9rica Voget<\/p>\n<p>Registro audiovisual: Sebasti\u00e1n D\u00edaz<\/p>\n<p>Asesoramiento hist\u00f3rico: Mar\u00eda Elena Barral<\/p>\n<p>Investigaci\u00f3n, dramaturgia y direcci\u00f3n: Nelson Mallach<\/p>\n","protected":false},"excerpt":{"rendered":"<p>Escrita y dirigida por Nelson Mallach,\u00a0versiona esc\u00e9nicamente lo sucedido en torno al traslado de los restos del Coronel ordenada por Juan Manuel de Rosas. El p\u00fablico tiene un papel importante e interacci\u00f3n con la&#46;&#46;&#46;<\/p>\n","protected":false},"author":3,"featured_media":10824,"comment_status":"closed","ping_status":"closed","sticky":false,"template":"","format":"standard","meta":{"_monsterinsights_skip_tracking":false,"_monsterinsights_sitenote_active":false,"_monsterinsights_sitenote_note":"","_monsterinsights_sitenote_category":0,"footnotes":""},"categories":[7],"tags":[2082,4501,4502],"class_list":["post-10823","post","type-post","status-publish","format-standard","has-post-thumbnail","hentry","category-educacion-y-cultura","tag-ensenada","tag-nudo","tag-patria"],"_links":{"self":[{"href":"https:\/\/www.visionweb.com.ar\/index.php?rest_route=\/wp\/v2\/posts\/10823","targetHints":{"allow":["GET"]}}],"collection":[{"href":"https:\/\/www.visionweb.com.ar\/index.php?rest_route=\/wp\/v2\/posts"}],"about":[{"href":"https:\/\/www.visionweb.com.ar\/index.php?rest_route=\/wp\/v2\/types\/post"}],"author":[{"embeddable":true,"href":"https:\/\/www.visionweb.com.ar\/index.php?rest_route=\/wp\/v2\/users\/3"}],"replies":[{"embeddable":true,"href":"https:\/\/www.visionweb.com.ar\/index.php?rest_route=%2Fwp%2Fv2%2Fcomments&post=10823"}],"version-history":[{"count":1,"href":"https:\/\/www.visionweb.com.ar\/index.php?rest_route=\/wp\/v2\/posts\/10823\/revisions"}],"predecessor-version":[{"id":10825,"href":"https:\/\/www.visionweb.com.ar\/index.php?rest_route=\/wp\/v2\/posts\/10823\/revisions\/10825"}],"wp:featuredmedia":[{"embeddable":true,"href":"https:\/\/www.visionweb.com.ar\/index.php?rest_route=\/wp\/v2\/media\/10824"}],"wp:attachment":[{"href":"https:\/\/www.visionweb.com.ar\/index.php?rest_route=%2Fwp%2Fv2%2Fmedia&parent=10823"}],"wp:term":[{"taxonomy":"category","embeddable":true,"href":"https:\/\/www.visionweb.com.ar\/index.php?rest_route=%2Fwp%2Fv2%2Fcategories&post=10823"},{"taxonomy":"post_tag","embeddable":true,"href":"https:\/\/www.visionweb.com.ar\/index.php?rest_route=%2Fwp%2Fv2%2Ftags&post=10823"}],"curies":[{"name":"wp","href":"https:\/\/api.w.org\/{rel}","templated":true}]}}